{"id":834,"date":"2016-04-26T16:28:43","date_gmt":"2016-04-26T19:28:43","guid":{"rendered":"https:\/\/blogs2.correiobraziliense.com.br\/vicente\/?p=834"},"modified":"2016-04-26T18:44:32","modified_gmt":"2016-04-26T21:44:32","slug":"mercado-ja-aposta-em-queda-de-ate-um-ponto-nos-juros","status":"publish","type":"post","link":"https:\/\/blogs2.correiobraziliense.com.br\/vicente\/mercado-ja-aposta-em-queda-de-ate-um-ponto-nos-juros\/","title":{"rendered":"MERCADO J\u00c1 APOSTA EM QUEDA DOS JUROS EM JUNHO OU JULHO"},"content":{"rendered":"<p>A perspectiva de Henrique Meirelles assumir o comando do Minist\u00e9rio da Fazenda em um eventual governo de Michel Temer e de M\u00e1rio Mesquita ser nomeado para o Banco Central fez as taxas de juros do mercado futuro subirem. A aposta, no entanto, \u00e9 de que o Comit\u00ea de Pol\u00edtica Monet\u00e1ria (Copom) comece a cortar a taxa b\u00e1sica (Selic) em junho ou julho. A redu\u00e7\u00e3o pode ser de 0,5 ponto percentual, diante do agravamento da recess\u00e3o.<\/p>\n<p>&nbsp;<\/p>\n<p>Os analistas reconhecem, por\u00e9m, que, para os juros ca\u00edrem, o governo Temer ter\u00e1 que apresentar um ajuste fiscal consistente, mesmo que as contas p\u00fablicas n\u00e3o voltem a ter superavit prim\u00e1rio t\u00e3o cedo. Caso isso ocorra, as expectativas de infla\u00e7\u00e3o, que vem caindo lentamente, tendem desabar, aproximando-se do centro da meta, de 4,5%, em 2017.<\/p>\n<p>&nbsp;<\/p>\n<p>Na vis\u00e3o de analistas, um BC com M\u00e1rio Mesquita deve ser extremamente conservador. Ou seja, os juros cair\u00e3o mais lentamente do que pedir\u00e1 a pol\u00edtica. Para o mercado, ele n\u00e3o repetir\u00e1 os erros do atual comandante do banco, Alexandre Tombini, que se incumbiu da miss\u00e3o de entregar um trof\u00e9u para Dilma ostentar da campanha \u00e0 reelei\u00e7\u00e3o: uma forte queda da Selic.<\/p>\n<p>&nbsp;<\/p>\n<p>A taxa b\u00e1sica realmente chegou a seu n\u00edvel mais baixo, 7,25% ao ano, mas a fa\u00e7anha durou apenas seis meses. E Tombini e o BC ficaram desmoralizados.<\/p>\n<p>&nbsp;<\/p>\n<p><em>Bras\u00edlia, 16h28min<\/em><\/p>\n","protected":false},"excerpt":{"rendered":"<p>A perspectiva de Henrique Meirelles assumir o comando do Minist\u00e9rio da Fazenda em um eventual governo de Michel Temer e de M\u00e1rio Mesquita ser nomeado para o Banco Central fez as taxas de juros do mercado futuro subirem. A aposta, no entanto, \u00e9 de que o Comit\u00ea de Pol\u00edtica Monet\u00e1ria (Copom) comece a cortar a [&hellip;]<\/p>\n","protected":false},"author":22,"featured_media":0,"comment_status":"open","ping_status":"closed","sticky":false,"template":"","format":"standard","meta":{"wpb_read_more":[],"footnotes":""},"categories":[1],"tags":[],"class_list":["post-834","post","type-post","status-publish","format-standard","hentry","category-sem-categoria"],"_links":{"self":[{"href":"https:\/\/blogs2.correiobraziliense.com.br\/vicente\/wp-json\/wp\/v2\/posts\/834","targetHints":{"allow":["GET"]}}],"collection":[{"href":"https:\/\/blogs2.correiobraziliense.com.br\/vicente\/wp-json\/wp\/v2\/posts"}],"about":[{"href":"https:\/\/blogs2.correiobraziliense.com.br\/vicente\/wp-json\/wp\/v2\/types\/post"}],"author":[{"embeddable":true,"href":"https:\/\/blogs2.correiobraziliense.com.br\/vicente\/wp-json\/wp\/v2\/users\/22"}],"replies":[{"embeddable":true,"href":"https:\/\/blogs2.correiobraziliense.com.br\/vicente\/wp-json\/wp\/v2\/comments?post=834"}],"version-history":[{"count":2,"href":"https:\/\/blogs2.correiobraziliense.com.br\/vicente\/wp-json\/wp\/v2\/posts\/834\/revisions"}],"predecessor-version":[{"id":836,"href":"https:\/\/blogs2.correiobraziliense.com.br\/vicente\/wp-json\/wp\/v2\/posts\/834\/revisions\/836"}],"wp:attachment":[{"href":"https:\/\/blogs2.correiobraziliense.com.br\/vicente\/wp-json\/wp\/v2\/media?parent=834"}],"wp:term":[{"taxonomy":"category","embeddable":true,"href":"https:\/\/blogs2.correiobraziliense.com.br\/vicente\/wp-json\/wp\/v2\/categories?post=834"},{"taxonomy":"post_tag","embeddable":true,"href":"https:\/\/blogs2.correiobraziliense.com.br\/vicente\/wp-json\/wp\/v2\/tags?post=834"}],"curies":[{"name":"wp","href":"https:\/\/api.w.org\/{rel}","templated":true}]}}