{"id":837,"date":"2016-04-27T08:30:02","date_gmt":"2016-04-27T11:30:02","guid":{"rendered":"https:\/\/blogs2.correiobraziliense.com.br\/vicente\/?p=837"},"modified":"2016-04-27T11:34:22","modified_gmt":"2016-04-27T14:34:22","slug":"hackers-invadem-site-da-anatel-e-vazam-dados-sigilosos","status":"publish","type":"post","link":"https:\/\/blogs2.correiobraziliense.com.br\/vicente\/hackers-invadem-site-da-anatel-e-vazam-dados-sigilosos\/","title":{"rendered":"HACKERS INVADEM SITE DA ANATEL E VAZAM DADOS SIGILOSOS"},"content":{"rendered":"<p>BRENO FORTES<br \/>\nHAMILTON FERRARI<\/p>\n<p>O site da Ag\u00eancia Nacional de Telecomunica\u00e7\u00f5es (Anatel) foi invadido por hackers na \u00faltima sexta-feira e os dados pessoais do presidente do \u00f3rg\u00e3o, Jo\u00e3o Rezende, foram divulgados em sites da internet. O Anonymous Brasil assumiu o ato e deixou uma carta na qual faz amea\u00e7as e exige melhorias nos servi\u00e7os das operadoras de telecomunica\u00e7\u00f5es e da ag\u00eancia. Foi uma a\u00e7\u00e3o contra a possibilidade de a Anatel favorecer as operadoras e acabar com o sistema de internet ilimitada.<\/p>\n<p>&nbsp;<\/p>\n<p>A ag\u00eancia confirmou que seu site teve uma grave invas\u00e3o na semana passada e que, desde ent\u00e3o, h\u00e1 instabilidade no sistema. Os ataques continuam, mas a conex\u00e3o j\u00e1 est\u00e1 restabelecida. As informa\u00e7\u00f5es pessoais de Rezende, como CPF, endere\u00e7o, nome dos pais e telefones est\u00e3o espalhadas por toda a rede. A Ag\u00eancia disse que esses dados foram furtados em outra invas\u00e3o, em 2012.<\/p>\n<p>&nbsp;<\/p>\n<p>\u201cA s\u00e9rie de ataques coordenados procura falhas no sistema e tenta derrubar o site. O objetivo \u00e9 sobrecarregar o servidor e deix\u00e1-lo fora do ar\u201d, disse o advogado e especialista em direito digital Fernando Peres. \u201cSe o hacker conseguir se transformar em um usu\u00e1rio com o controle de acesso ao site \u00e9 poss\u00edvel que consiga alcan\u00e7ar o banco de dados\u201d, afirmou.<\/p>\n<p>&nbsp;<\/p>\n<p><strong>Sem brincadeira<\/strong><\/p>\n<p>&nbsp;<\/p>\n<p>Na carta deixada no site da ag\u00eancia, o Anonymous ressaltou que a invas\u00e3o foi \u201cuma pequena amostra do que pode fazer\u201d e que tem informa\u00e7\u00f5es do banco de dados da ag\u00eancia. \u201cPor enquanto, vamos apenas expor parte dessas informa\u00e7\u00f5es para mostrar que n\u00e3o estamos aqui de brincadeira\u201d, amea\u00e7ou. O grupo de hackers criticou ainda as pr\u00e1ticas adotadas pela Anatel e cobrou que o \u00f3rg\u00e3o defenda o consumidor e melhore os servi\u00e7os e a infraestrutura das operadoras. \u201cPagamos caro por um servi\u00e7o de p\u00e9ssima qualidade\u201d, frisou.<\/p>\n<p>&nbsp;<\/p>\n<p>Para J\u00f4natas Lucena, advogado e especialista em crimes, a invas\u00e3o de sites \u00e9 il\u00edcita, mesmo que seja com o intuito de fazer um protesto. \u201cEm hip\u00f3tese alguma, pode-se fazer isso. Ainda mais em um \u00f3rg\u00e3o federal\u201d, afirmou. Segundo Fernando Peres, \u201cn\u00e3o se pode protestar atacando, agredindo ou alterando sites. Isso causa danos t\u00e9cnicos e de imagem de uma empresa ou de uma organiza\u00e7\u00e3o. H\u00e1 abaixo-assinados, coment\u00e1rios e grupos de discuss\u00f5es para isso. N\u00e3o justifica essa atitude\u201d, assinalou.<\/p>\n<p>&nbsp;<\/p>\n<p><em>Bras\u00edlia, 08h30min<\/em><\/p>\n","protected":false},"excerpt":{"rendered":"<p>BRENO FORTES HAMILTON FERRARI O site da Ag\u00eancia Nacional de Telecomunica\u00e7\u00f5es (Anatel) foi invadido por hackers na \u00faltima sexta-feira e os dados pessoais do presidente do \u00f3rg\u00e3o, Jo\u00e3o Rezende, foram divulgados em sites da internet. O Anonymous Brasil assumiu o ato e deixou uma carta na qual faz amea\u00e7as e exige melhorias nos servi\u00e7os das [&hellip;]<\/p>\n","protected":false},"author":22,"featured_media":0,"comment_status":"open","ping_status":"closed","sticky":false,"template":"","format":"standard","meta":{"wpb_read_more":[],"footnotes":""},"categories":[1],"tags":[],"class_list":["post-837","post","type-post","status-publish","format-standard","hentry","category-sem-categoria"],"_links":{"self":[{"href":"https:\/\/blogs2.correiobraziliense.com.br\/vicente\/wp-json\/wp\/v2\/posts\/837","targetHints":{"allow":["GET"]}}],"collection":[{"href":"https:\/\/blogs2.correiobraziliense.com.br\/vicente\/wp-json\/wp\/v2\/posts"}],"about":[{"href":"https:\/\/blogs2.correiobraziliense.com.br\/vicente\/wp-json\/wp\/v2\/types\/post"}],"author":[{"embeddable":true,"href":"https:\/\/blogs2.correiobraziliense.com.br\/vicente\/wp-json\/wp\/v2\/users\/22"}],"replies":[{"embeddable":true,"href":"https:\/\/blogs2.correiobraziliense.com.br\/vicente\/wp-json\/wp\/v2\/comments?post=837"}],"version-history":[{"count":1,"href":"https:\/\/blogs2.correiobraziliense.com.br\/vicente\/wp-json\/wp\/v2\/posts\/837\/revisions"}],"predecessor-version":[{"id":838,"href":"https:\/\/blogs2.correiobraziliense.com.br\/vicente\/wp-json\/wp\/v2\/posts\/837\/revisions\/838"}],"wp:attachment":[{"href":"https:\/\/blogs2.correiobraziliense.com.br\/vicente\/wp-json\/wp\/v2\/media?parent=837"}],"wp:term":[{"taxonomy":"category","embeddable":true,"href":"https:\/\/blogs2.correiobraziliense.com.br\/vicente\/wp-json\/wp\/v2\/categories?post=837"},{"taxonomy":"post_tag","embeddable":true,"href":"https:\/\/blogs2.correiobraziliense.com.br\/vicente\/wp-json\/wp\/v2\/tags?post=837"}],"curies":[{"name":"wp","href":"https:\/\/api.w.org\/{rel}","templated":true}]}}