{"id":84,"date":"2015-04-09T00:10:00","date_gmt":"2015-04-09T03:10:00","guid":{"rendered":"https:\/\/blogs2.correiobraziliense.com.br\/vicente\/lua_de_mel\/"},"modified":"2015-04-09T00:10:00","modified_gmt":"2015-04-09T03:10:00","slug":"lua_de_mel","status":"publish","type":"post","link":"https:\/\/blogs2.correiobraziliense.com.br\/vicente\/lua_de_mel\/","title":{"rendered":"LUA DE MEL"},"content":{"rendered":"\n<p>Com o PT afastado das negocia\u00e7\u00f5es pol\u00edticas e o PMDB dando fortes sinais de comprometimento com o ajuste fiscal de Joaquim Levy, os investidores recome\u00e7aram a lua de mel com o governo. Como bem definiu ontem um banqueiro, a presidente Dilma Rousseff terceirizou a administra\u00e7\u00e3o. Sabe que n\u00e3o tem mais chance para errar. A \u00fanica coisa que pode azedar o humor dos investidores agora \u00e9 a Petrobras n\u00e3o divulgar, at\u00e9 o fim do m\u00eas, os balan\u00e7os auditados do terceiro trimestre e do ano de 2014.  <\/p>\n<p>As apostas s\u00e3o de que, com a estatal cumprindo a promessa de dar transpar\u00eancia a seus n\u00fameros, incluindo nos resultados o impacto da corrup\u00e7\u00e3o, e com aval de empresas de auditoria, o d\u00f3lar, que caiu 2,5% ontem, para R$ 3,056, pode ceder at\u00e9 R$ 2,70 no quadro mais positivo. Primeiro, porque h\u00e1 dinheiro de sobra circulando pelo mundo em busca de boas oportunidades de investimentos, como a maior taxa de juros do planeta paga pelo Tesouro Nacional. Segundo, porque ainda n\u00e3o se sabe quando, efetivamente, os Estados Unidos elevar\u00e3o o custo do dinheiro.  <\/p>\n<p>At\u00e9 mesmo do lado inflacion\u00e1rio o governo dever\u00e1 receber ajuda. O \u00edndice de mar\u00e7o, de 1,32%, o maior para o m\u00eas em 20 anos, foi o pico de 2015. A tend\u00eancia, destaca o economista-chefe do Bradesco, Octavio de Barros, \u00e9 de que a carestia caia para 0,6% em abril. Em 12 meses, por\u00e9m, se manter\u00e1 em 8%. O importante \u00e9 que o custo de vida ficar\u00e1 menos pesado, inclusive reduzindo a press\u00e3o para o aumento da taxa b\u00e1sica (Selic). O governo acredita que, daqui por diante, \u00e9 poss\u00edvel que se consolide no mercado a percep\u00e7\u00e3o de que o Banco Central dar\u00e1 somente mais uma alta nos juros no fim deste m\u00eas, de 0,25 ponto percentual, encerrando o ciclo de aperto com a Selic a 13% ao ano.  <\/p>\n<p>Para t\u00e9cnicos da equipe econ\u00f4mica, os investidores est\u00e3o sendo pragm\u00e1ticos. \u00c9 melhor que o azedume do mercado se dissipe, de forma que possam voltar a ganhar dinheiro. Com Levy aprovando o ajuste fiscal, mesmo abrindo m\u00e3o de algumas coisas para apaziguar os \u00e2nimos na base petista e entre os trabalhadores, e o vice-presidente da Rep\u00fablica, Michel Temer, controlando os dois maiores algozes de Dilma, os presidentes da C\u00e2mara, Eduardo Cunha, e do Senado, Renan Calheiros, a tend\u00eancia \u00e9 de que a bolsa de valores suba com mais for\u00e7a, os juros futuros caiam e o d\u00f3lar se estabilize um pouco abaixo de R$ 3 at\u00e9 que os EUA decidam mexer na sua pol\u00edtica monet\u00e1ria.  <\/p>\n<p>Ningu\u00e9m descarta que a presidente, especializada em trapalhadas, possa criar ru\u00eddos. Nem que a Petrobras desaponte mais uma vez. Mas, depois de tanto pessimismo, a poeira come\u00e7a a dar sinais de que baixar\u00e1. Ontem, o Credit Default Swaps (CDS) do Brasil, uma esp\u00e9cie de seguro contra calote, encerrou as negocia\u00e7\u00f5es a 235 pontos. Trata-se de um tombo significativo ante o observado em 19 de mar\u00e7o, quando se registrou 310 pontos, o pico do mau humor em rela\u00e7\u00e3o ao pa\u00eds.  <\/p>\n<p>Esse clima menos adverso \u00e9 fundamental para que o Brasil possa reconstruir as pontes para sair do atoleiro no qual est\u00e1 mergulhado. Foi Dilma quem empurrou a economia para o p\u00e2ntano. Ela sabe que o custo para resgat\u00e1-la ser\u00e1 pesado, sobretudo por causa do aumento do desemprego. Portanto, quanto menos confus\u00e3o o governo causar agora, melhor. Todos agradecem.  <\/p>\n<p>D\u00f3lar e desemprego  <\/p>\n<p>Ainda que a cota\u00e7\u00e3o menor do d\u00f3lar funcione, neste momento, para segurar a infla\u00e7\u00e3o, o Minist\u00e9rio do Desenvolvimento torce para que a moeda norte-americana fique entre R$ 3,20 e R$ 3,30, para estimular a retomada das exporta\u00e7\u00f5es. \u201cSabemos que, do ponto de vista inflacion\u00e1rio, um d\u00f3lar mais baixo \u00e9 bom. Mas precisamos recuperar, urgentemente, a competitividade do pa\u00eds. A ind\u00fastria precisa voltar a crescer exportando\u201d, frisa um auxiliar do ministro Armando Monteiro. Ele diz que o real mais valorizado significa mais desemprego, uma taxa pr\u00f3xima de 10%. J\u00e1 o real mais fraco pode segurar a taxa de desocupa\u00e7\u00e3o em torno de 7%. \u201cO governo n\u00e3o pode se esquecer disso\u201d, enfatiza.  <\/p>\n<p>Press\u00e3o sobre Levy  <\/p>\n<p>\u00bb A ind\u00fastria t\u00eaxtil lan\u00e7ar\u00e1, no pr\u00f3ximo dia 14, uma frente parlamentar para pressionar o governo a reduzir a carga de impostos que incide sobre o setor. N\u00e3o ser\u00e1 tarefa f\u00e1cil diante da gula do ministro da Fazenda, Joaquim Levy, por receitas para refor\u00e7ar o caixa e entregar a meta de superavit prim\u00e1rio de 1,2% do Produto Interno Bruto (PIB).  <\/p>\n<p>Perdas de 40%  <\/p>\n<p>\u00bb Pelas contas da Associa\u00e7\u00e3o Bras\u00edlia da Ind\u00fastria T\u00eaxtil (Abit), o setor de vestu\u00e1rio entrega 18% de tudo o que fatura ao governo, cerca de R$ 7,1 bilh\u00f5es por ano. A meta \u00e9 de que o total de tributos caia para 5%. A entidade reconhece que, num primeiro momento, a arrecada\u00e7\u00e3o de impostos sobre o setor poder\u00e1 cair at\u00e9 40%, mas, ao longo do tempo, o aumento da produ\u00e7\u00e3o voltar\u00e1 a engordar o caixa do Tesouro Nacional.  <\/p>\n<p>Produ\u00e7\u00e3o desaba  <\/p>\n<p>\u00bb Nos dois primeiros meses do ano, a produ\u00e7\u00e3o de vestu\u00e1rio desabou 17,1% em rela\u00e7\u00e3o ao mesmo per\u00edodo de 2014. O setor t\u00eaxtil como um todo encolheu, na mesma base de compara\u00e7\u00e3o, 7,1%. Somente no ano passado, as empresas de confec\u00e7\u00f5es fecharam 20 mil postos de trabalho. Em 2015, est\u00e3o previstas mais 6 mil demiss\u00f5es.  <\/p>\n<p>Como cego em tiroteio  <\/p>\n<p>\u00bb A assessoria de imprensa de Joaquim Levy est\u00e1 mais perdida do que cego em tiroteio. Ningu\u00e9m consegue controlar a agenda do ministro. Os auxiliares dele s\u00f3 descobrem onde ele est\u00e1 depois que os jornalistas informam \u00e0 Fazenda.  <\/p>\n<p>Bras\u00edlia, 00h10min   <\/p>\n","protected":false},"excerpt":{"rendered":"<p>Com o PT afastado das negocia\u00e7\u00f5es pol\u00edticas e o PMDB dando fortes sinais de comprometimento com o ajuste fiscal de Joaquim Levy, os investidores recome\u00e7aram a lua de mel com o governo. Como bem definiu ontem um banqueiro, a presidente Dilma Rousseff terceirizou a administra\u00e7\u00e3o. Sabe que n\u00e3o tem mais chance para errar. A \u00fanica [&hellip;]<\/p>\n","protected":false},"author":22,"featured_media":0,"comment_status":"open","ping_status":"open","sticky":false,"template":"","format":"standard","meta":{"wpb_read_more":[],"footnotes":""},"categories":[1],"tags":[],"class_list":["post-84","post","type-post","status-publish","format-standard","hentry","category-sem-categoria"],"_links":{"self":[{"href":"https:\/\/blogs2.correiobraziliense.com.br\/vicente\/wp-json\/wp\/v2\/posts\/84","targetHints":{"allow":["GET"]}}],"collection":[{"href":"https:\/\/blogs2.correiobraziliense.com.br\/vicente\/wp-json\/wp\/v2\/posts"}],"about":[{"href":"https:\/\/blogs2.correiobraziliense.com.br\/vicente\/wp-json\/wp\/v2\/types\/post"}],"author":[{"embeddable":true,"href":"https:\/\/blogs2.correiobraziliense.com.br\/vicente\/wp-json\/wp\/v2\/users\/22"}],"replies":[{"embeddable":true,"href":"https:\/\/blogs2.correiobraziliense.com.br\/vicente\/wp-json\/wp\/v2\/comments?post=84"}],"version-history":[{"count":0,"href":"https:\/\/blogs2.correiobraziliense.com.br\/vicente\/wp-json\/wp\/v2\/posts\/84\/revisions"}],"wp:attachment":[{"href":"https:\/\/blogs2.correiobraziliense.com.br\/vicente\/wp-json\/wp\/v2\/media?parent=84"}],"wp:term":[{"taxonomy":"category","embeddable":true,"href":"https:\/\/blogs2.correiobraziliense.com.br\/vicente\/wp-json\/wp\/v2\/categories?post=84"},{"taxonomy":"post_tag","embeddable":true,"href":"https:\/\/blogs2.correiobraziliense.com.br\/vicente\/wp-json\/wp\/v2\/tags?post=84"}],"curies":[{"name":"wp","href":"https:\/\/api.w.org\/{rel}","templated":true}]}}