{"id":841,"date":"2016-04-27T12:10:41","date_gmt":"2016-04-27T15:10:41","guid":{"rendered":"https:\/\/blogs2.correiobraziliense.com.br\/vicente\/?p=841"},"modified":"2016-04-27T14:59:12","modified_gmt":"2016-04-27T17:59:12","slug":"ilan-goldfajn-ja-esta-praticamente-nomeado-para-o-bc-de-temer","status":"publish","type":"post","link":"https:\/\/blogs2.correiobraziliense.com.br\/vicente\/ilan-goldfajn-ja-esta-praticamente-nomeado-para-o-bc-de-temer\/","title":{"rendered":"ILAN GOLDFAJN J\u00c1 EST\u00c1 PRATICAMENTE NOMEADO PARA O BC DE TEMER"},"content":{"rendered":"<p>Est\u00e1 praticamente fechada a dobradinha de Michel Temer na economia, caso o Senado aprove o impeachment de Dilma Rousseff. Henrique Meirelles no Minist\u00e9rio da Fazenda e Ilan Goldfajn no Banco Central. O vice presidente j\u00e1 bateu o martelo nos nomes. Mas a confirma\u00e7\u00e3o oficial s\u00f3 ser\u00e1 feita depois de confirmado o afastamento da petista.<\/p>\n<p>&nbsp;<\/p>\n<p>Ilan \u00e9 economista-chefe do Ita\u00fa Unibanco. Foi diretor de Pol\u00edtica Econ\u00f4mica do Banco Central durante a gest\u00e3o de Arm\u00ednio Fraga, que apoiou a indica\u00e7\u00e3o ao vice. O nome dele foi apresentado a Meirelles o \u00faltimo s\u00e1bado, que o sancionou. Temer \u00e9 muito pr\u00f3ximo do presidente do Ita\u00fa, Roberto Set\u00fabal.<\/p>\n<p>&nbsp;<\/p>\n<p>O nome preferido de Meirelles para o BC era o de M\u00e1rio Mesquita, que foi diretor de Pol\u00edtica Econ\u00f4mica durante o per\u00edodo que ele presidiu o Banco Central. Mas a v\u00e1rios interlocutores, Mesquita afirmou que n\u00e3o aceitaria o convite, porque n\u00e3o quer voltar para o setor p\u00fablico neste momento. A prioridade dele \u00e9 tocar o banco do qual \u00e9 s\u00f3cio, o Brasil Plural.<\/p>\n<p>&nbsp;<\/p>\n<p>Nada impede que, at\u00e9 a eventual chegada de Temer ao Pal\u00e1cio do Planalto, haja mudan\u00e7as. mas como disse o vice-presidente, se ele assumisse hoje, Meirelles seria seu ministro da Fazenda e Ilan Goldfajn, o presidente do Banco Central.<\/p>\n<p>&nbsp;<\/p>\n<p>Bras\u00edlia, 12h08min<\/p>\n","protected":false},"excerpt":{"rendered":"<p>Est\u00e1 praticamente fechada a dobradinha de Michel Temer na economia, caso o Senado aprove o impeachment de Dilma Rousseff. Henrique Meirelles no Minist\u00e9rio da Fazenda e Ilan Goldfajn no Banco Central. O vice presidente j\u00e1 bateu o martelo nos nomes. Mas a confirma\u00e7\u00e3o oficial s\u00f3 ser\u00e1 feita depois de confirmado o afastamento da petista. &nbsp; [&hellip;]<\/p>\n","protected":false},"author":22,"featured_media":0,"comment_status":"open","ping_status":"closed","sticky":false,"template":"","format":"standard","meta":{"wpb_read_more":[],"footnotes":""},"categories":[1],"tags":[],"class_list":["post-841","post","type-post","status-publish","format-standard","hentry","category-sem-categoria"],"_links":{"self":[{"href":"https:\/\/blogs2.correiobraziliense.com.br\/vicente\/wp-json\/wp\/v2\/posts\/841","targetHints":{"allow":["GET"]}}],"collection":[{"href":"https:\/\/blogs2.correiobraziliense.com.br\/vicente\/wp-json\/wp\/v2\/posts"}],"about":[{"href":"https:\/\/blogs2.correiobraziliense.com.br\/vicente\/wp-json\/wp\/v2\/types\/post"}],"author":[{"embeddable":true,"href":"https:\/\/blogs2.correiobraziliense.com.br\/vicente\/wp-json\/wp\/v2\/users\/22"}],"replies":[{"embeddable":true,"href":"https:\/\/blogs2.correiobraziliense.com.br\/vicente\/wp-json\/wp\/v2\/comments?post=841"}],"version-history":[{"count":3,"href":"https:\/\/blogs2.correiobraziliense.com.br\/vicente\/wp-json\/wp\/v2\/posts\/841\/revisions"}],"predecessor-version":[{"id":844,"href":"https:\/\/blogs2.correiobraziliense.com.br\/vicente\/wp-json\/wp\/v2\/posts\/841\/revisions\/844"}],"wp:attachment":[{"href":"https:\/\/blogs2.correiobraziliense.com.br\/vicente\/wp-json\/wp\/v2\/media?parent=841"}],"wp:term":[{"taxonomy":"category","embeddable":true,"href":"https:\/\/blogs2.correiobraziliense.com.br\/vicente\/wp-json\/wp\/v2\/categories?post=841"},{"taxonomy":"post_tag","embeddable":true,"href":"https:\/\/blogs2.correiobraziliense.com.br\/vicente\/wp-json\/wp\/v2\/tags?post=841"}],"curies":[{"name":"wp","href":"https:\/\/api.w.org\/{rel}","templated":true}]}}