{"id":845,"date":"2016-04-27T15:23:10","date_gmt":"2016-04-27T18:23:10","guid":{"rendered":"https:\/\/blogs2.correiobraziliense.com.br\/vicente\/?p=845"},"modified":"2016-04-27T16:21:41","modified_gmt":"2016-04-27T19:21:41","slug":"mudanca-na-diretoria-do-bc-deve-ser-gradual","status":"publish","type":"post","link":"https:\/\/blogs2.correiobraziliense.com.br\/vicente\/mudanca-na-diretoria-do-bc-deve-ser-gradual\/","title":{"rendered":"MUDAN\u00c7A NA DIRETORIA DO BC DEVE SER GRADUAL"},"content":{"rendered":"<p>Que ningu\u00e9m espere uma debandada geral da diretoria do Banco Central num primeiro momento de um eventual governo de Michel Temer. A tend\u00eancia \u00e9 de se repetir o que se viu durante a mudan\u00e7a do governo de Fernando Henrique Cardoso para o de Lula.<\/p>\n<p>&nbsp;<\/p>\n<p>Alguns integrantes da equipe de Arm\u00ednio Fraga ficaram meses na gest\u00e3o de Meirelles. Foi o caso, por exemplo de Ilan Goldfajn, que ficou quase seis meses sob o comando daquele que poder ser o ministro da Fazenda do peemedebista.<\/p>\n<p>&nbsp;<\/p>\n<p>A mudan\u00e7a gradual \u00e9 uma forma de dar estabilidade ao Banco Central, que tem muitas atribui\u00e7\u00f5es. Tamb\u00e9m \u00e9 preciso usufruir do conhecimento acumulado, sobretudo para as reuni\u00f5es do Comit\u00ea de Pol\u00edtica Monet\u00e1ria (Copom).<\/p>\n<p>&nbsp;<\/p>\n<p>Al\u00e9m disso, e mais importante, os pr\u00f3ximos diretores, incluindo o presidente, ter\u00e3o que ser sabatinados pelo Senado. Isso, naturalmente, leva tempo, mas \u00e9 bom lembrar que a Comiss\u00e3o de Assuntos Econ\u00f4micos (CAE), que sabatina os indicados, \u00e9 presidida, atualmente, pela senadora petista Gleisi Hoffmann. Ela pode atrapalhar o processo.<\/p>\n<p>&nbsp;<\/p>\n<p>A expectativa dentro do BC \u00e9 grande. T\u00e9cnicos da institui\u00e7\u00e3o veem com bons olhos a poss\u00edvel nomea\u00e7\u00e3o de Ilan Goldfajn, economista-chefe do Ita\u00fa Unibanco, para suceder Alexandre Tombini.<\/p>\n<p>&nbsp;<\/p>\n<p><em>Bras\u00edlia, 15h21min<\/em><\/p>\n","protected":false},"excerpt":{"rendered":"<p>Que ningu\u00e9m espere uma debandada geral da diretoria do Banco Central num primeiro momento de um eventual governo de Michel Temer. A tend\u00eancia \u00e9 de se repetir o que se viu durante a mudan\u00e7a do governo de Fernando Henrique Cardoso para o de Lula. &nbsp; Alguns integrantes da equipe de Arm\u00ednio Fraga ficaram meses na [&hellip;]<\/p>\n","protected":false},"author":22,"featured_media":0,"comment_status":"open","ping_status":"closed","sticky":false,"template":"","format":"standard","meta":{"wpb_read_more":[],"footnotes":""},"categories":[1],"tags":[],"class_list":["post-845","post","type-post","status-publish","format-standard","hentry","category-sem-categoria"],"_links":{"self":[{"href":"https:\/\/blogs2.correiobraziliense.com.br\/vicente\/wp-json\/wp\/v2\/posts\/845","targetHints":{"allow":["GET"]}}],"collection":[{"href":"https:\/\/blogs2.correiobraziliense.com.br\/vicente\/wp-json\/wp\/v2\/posts"}],"about":[{"href":"https:\/\/blogs2.correiobraziliense.com.br\/vicente\/wp-json\/wp\/v2\/types\/post"}],"author":[{"embeddable":true,"href":"https:\/\/blogs2.correiobraziliense.com.br\/vicente\/wp-json\/wp\/v2\/users\/22"}],"replies":[{"embeddable":true,"href":"https:\/\/blogs2.correiobraziliense.com.br\/vicente\/wp-json\/wp\/v2\/comments?post=845"}],"version-history":[{"count":3,"href":"https:\/\/blogs2.correiobraziliense.com.br\/vicente\/wp-json\/wp\/v2\/posts\/845\/revisions"}],"predecessor-version":[{"id":848,"href":"https:\/\/blogs2.correiobraziliense.com.br\/vicente\/wp-json\/wp\/v2\/posts\/845\/revisions\/848"}],"wp:attachment":[{"href":"https:\/\/blogs2.correiobraziliense.com.br\/vicente\/wp-json\/wp\/v2\/media?parent=845"}],"wp:term":[{"taxonomy":"category","embeddable":true,"href":"https:\/\/blogs2.correiobraziliense.com.br\/vicente\/wp-json\/wp\/v2\/categories?post=845"},{"taxonomy":"post_tag","embeddable":true,"href":"https:\/\/blogs2.correiobraziliense.com.br\/vicente\/wp-json\/wp\/v2\/tags?post=845"}],"curies":[{"name":"wp","href":"https:\/\/api.w.org\/{rel}","templated":true}]}}