{"id":850,"date":"2016-04-28T08:30:25","date_gmt":"2016-04-28T11:30:25","guid":{"rendered":"https:\/\/blogs2.correiobraziliense.com.br\/vicente\/?p=850"},"modified":"2016-04-28T11:25:51","modified_gmt":"2016-04-28T14:25:51","slug":"e-economia-estupido","status":"publish","type":"post","link":"https:\/\/blogs2.correiobraziliense.com.br\/vicente\/e-economia-estupido\/","title":{"rendered":"\u00c9 A ECONOMIA, EST\u00daPIDO"},"content":{"rendered":"<p>A mesma economia que foi preponderante para o poss\u00edvel impeachment da presidente Dilma Rousseff ser\u00e1 vital para o fortalecimento do eventual governo de Michel Temer. Tudo indica que, a partir do segundo semestre, o pa\u00eds come\u00e7ar\u00e1 a receber not\u00edcias mais alentadoras no front econ\u00f4mico. As taxas de juros v\u00e3o cair, a infla\u00e7\u00e3o perder\u00e1 for\u00e7a, o n\u00famero de demiss\u00f5es tender\u00e1 a ser menor m\u00eas a m\u00eas, ainda que a taxa de desemprego aumente, e os investimentos produtivos devem voltar a partir da reconstru\u00e7\u00e3o da confian\u00e7a. A sensa\u00e7\u00e3o de bem-estar que Dilma destruiu come\u00e7ar\u00e1 a dar as caras.<\/p>\n<p>&nbsp;<\/p>\n<p>Esse era o quadro com o qual a presidente tanto sonhava para derrotar o impeachment. Integrantes da equipe econ\u00f4mica haviam garantido a ela que, caso o processo de impedimento se arrastasse por mais tempo, seria poss\u00edvel que o governo colhesse indicadores positivos na economia, que ajudariam a reverter o pessimismo. O rel\u00f3gio, por\u00e9m, n\u00e3o foi favor\u00e1vel \u00e0 petista. Ela ainda carrega no colo o peso de toda a heran\u00e7a maldita que acumulou nos \u00faltimos anos. Ser\u00e1 lembrada na hist\u00f3ria como a presidente da recess\u00e3o, da infla\u00e7\u00e3o alta e do desemprego.<\/p>\n<p>&nbsp;<\/p>\n<p>A recupera\u00e7\u00e3o da economia, mesmo que na margem, uma vez que o estrago provocado pela presidente levar\u00e1 anos para ser consertado, tender\u00e1 a fortalecer a coaliz\u00e3o de partidos em torno de Temer. N\u00e3o d\u00e1 para dizer que o sentimento de melhora j\u00e1 estar\u00e1 expl\u00edcito em outubro ou novembro, quando o Senado dever\u00e1 votar o afastamento definitivo de Dilma, mas a perspectiva de se ver uma luz no horizonte dever\u00e1 minar qualquer probabilidade de a petista retornar ao Pal\u00e1cio do Planalto. Esvaziar\u00e1, ainda, as chances de o PT sair vitorioso nas urnas em 2018, como sonha o ex-presidente Lula.<\/p>\n<p>&nbsp;<\/p>\n<p><strong>Erros em s\u00e9rie<\/strong><\/p>\n<p>&nbsp;<\/p>\n<p>A reuni\u00e3o de ontem do Comit\u00ea de Pol\u00edtica Monet\u00e1ria (Copom) \u00e9 emblem\u00e1tica para mostrar como Dilma perdeu oportunidades importantes para tentar criar um ambiente menos hostil no pa\u00eds. Mesmo com o Brasil afundado na mais grave recess\u00e3o em quase 100 anos, o Banco Central n\u00e3o p\u00f4de reduzir a taxa b\u00e1sica de juros (Selic), que ficou em 14,25% ao ano. A diretoria da institui\u00e7\u00e3o justificou que a infla\u00e7\u00e3o ainda est\u00e1 muito alta para se correr o risco de cortar a Selic. A custo de vida est\u00e1 nas alturas, rodando os 10% no acumulado de 12 meses, porque o governo foi leniente no combate ao aumento pre\u00e7os.<\/p>\n<p>&nbsp;<\/p>\n<p>Dilma tamb\u00e9m poderia estar reduzindo os pre\u00e7os da gasolina e do diesel, j\u00e1 que o d\u00f3lar est\u00e1 em baixa e as cota\u00e7\u00f5es do petr\u00f3leo no mercado internacional desabaram. N\u00e3o o fez devido \u00e0 forte interven\u00e7\u00e3o na Petrobras. Quando o valor dos combust\u00edveis tinha que subir, por causa da forte valoriza\u00e7\u00e3o do petr\u00f3leo no exterior, a presidente mandou a estatal segur\u00e1-lo de forma artificial. N\u00e3o queria que os concorrentes na disputa \u00e0 reelei\u00e7\u00e3o usassem o encarecimento da gasolina para atac\u00e1-la. Somente essa pol\u00edtica equivocada de pre\u00e7os levou a Petrobras a acumular preju\u00edzos de mais de R$ 60 bilh\u00f5es. Agora, a empresa precisa que os combust\u00edveis no pa\u00eds fiquem mais caros do que l\u00e1 fora para refazer o caixa.<\/p>\n<p>&nbsp;<\/p>\n<p><strong>Sabotagem<\/strong><\/p>\n<p>&nbsp;<\/p>\n<p>N\u00e3o d\u00e1 para Dilma culpar ningu\u00e9m pelo descompasso do tempo. Muito menos dizer que \u00e9 golpe do destino. Desde que tomou posse, ela escolheu o caminho errado, cercou-se de pessoas incompetentes, acreditou que poderia inventar a roda na economia. Mesmo com a atividade afundando, as contas p\u00fablicas entrando no vermelho e a d\u00edvida p\u00fablica disparando, ela manteve a emp\u00e1fia, tentando desqualificar os cr\u00edticos e ignorar a realidade que se impunha.<\/p>\n<p>&nbsp;<\/p>\n<p>A presidente j\u00e1 est\u00e1 encaixotando parte de suas coisas para transferi-las do Planalto para o Pal\u00e1cio da Alvorada, consciente de que o Senado aprovar\u00e1 o impeachment. Tomara que use o tempo dispon\u00edvel que ter\u00e1 nos pr\u00f3ximos meses para refletir sobre o porqu\u00ea de perder um mandato garantido por mais de 54 milh\u00f5es de votos. Caso consiga se despir da arrog\u00e2ncia, poder\u00e1 chegar \u00e0 triste conclus\u00e3o de que ningu\u00e9m prejudicou mais o seu governo do que ela.<\/p>\n<p>&nbsp;<\/p>\n<p><em>Bras\u00edlia, 08h30min<\/em><\/p>\n","protected":false},"excerpt":{"rendered":"<p>A mesma economia que foi preponderante para o poss\u00edvel impeachment da presidente Dilma Rousseff ser\u00e1 vital para o fortalecimento do eventual governo de Michel Temer. Tudo indica que, a partir do segundo semestre, o pa\u00eds come\u00e7ar\u00e1 a receber not\u00edcias mais alentadoras no front econ\u00f4mico. As taxas de juros v\u00e3o cair, a infla\u00e7\u00e3o perder\u00e1 for\u00e7a, o [&hellip;]<\/p>\n","protected":false},"author":22,"featured_media":0,"comment_status":"open","ping_status":"closed","sticky":false,"template":"","format":"standard","meta":{"wpb_read_more":[],"footnotes":""},"categories":[1],"tags":[],"class_list":["post-850","post","type-post","status-publish","format-standard","hentry","category-sem-categoria"],"_links":{"self":[{"href":"https:\/\/blogs2.correiobraziliense.com.br\/vicente\/wp-json\/wp\/v2\/posts\/850","targetHints":{"allow":["GET"]}}],"collection":[{"href":"https:\/\/blogs2.correiobraziliense.com.br\/vicente\/wp-json\/wp\/v2\/posts"}],"about":[{"href":"https:\/\/blogs2.correiobraziliense.com.br\/vicente\/wp-json\/wp\/v2\/types\/post"}],"author":[{"embeddable":true,"href":"https:\/\/blogs2.correiobraziliense.com.br\/vicente\/wp-json\/wp\/v2\/users\/22"}],"replies":[{"embeddable":true,"href":"https:\/\/blogs2.correiobraziliense.com.br\/vicente\/wp-json\/wp\/v2\/comments?post=850"}],"version-history":[{"count":1,"href":"https:\/\/blogs2.correiobraziliense.com.br\/vicente\/wp-json\/wp\/v2\/posts\/850\/revisions"}],"predecessor-version":[{"id":851,"href":"https:\/\/blogs2.correiobraziliense.com.br\/vicente\/wp-json\/wp\/v2\/posts\/850\/revisions\/851"}],"wp:attachment":[{"href":"https:\/\/blogs2.correiobraziliense.com.br\/vicente\/wp-json\/wp\/v2\/media?parent=850"}],"wp:term":[{"taxonomy":"category","embeddable":true,"href":"https:\/\/blogs2.correiobraziliense.com.br\/vicente\/wp-json\/wp\/v2\/categories?post=850"},{"taxonomy":"post_tag","embeddable":true,"href":"https:\/\/blogs2.correiobraziliense.com.br\/vicente\/wp-json\/wp\/v2\/tags?post=850"}],"curies":[{"name":"wp","href":"https:\/\/api.w.org\/{rel}","templated":true}]}}