{"id":858,"date":"2016-04-29T15:30:46","date_gmt":"2016-04-29T18:30:46","guid":{"rendered":"https:\/\/blogs2.correiobraziliense.com.br\/vicente\/?p=858"},"modified":"2016-04-29T15:30:46","modified_gmt":"2016-04-29T18:30:46","slug":"as-duvidas-de-ilan-goldfajn-sobre-o-bc-de-temer","status":"publish","type":"post","link":"https:\/\/blogs2.correiobraziliense.com.br\/vicente\/as-duvidas-de-ilan-goldfajn-sobre-o-bc-de-temer\/","title":{"rendered":"AS D\u00daVIDAS DE ILAN GOLDFAJN SOBRE O BC DE TEMER"},"content":{"rendered":"<p>Se realmente quiser ter Ilan Goldfajn, economista-chefe do Ita\u00fa Unibanco, na presid\u00eancia do Banco Central em seu eventual governo, o vice-presidente da Rep\u00fablica, Michel Temer, ter\u00e1 que fazer um longo processo de convencimento.<\/p>\n<p>&nbsp;<\/p>\n<p>Mesmo com v\u00e1rios dos assessores do vice dando como certa a nomea\u00e7\u00e3o de Ilan para o BC se o Senado acatar o pedido de impeachment da presidente Dilma Rousseff, o economista vem frisando a interlocutores que tem muitas d\u00favidas se realmente \u00e9 o momento de voltar ao setor p\u00fablico. Ele j\u00e1 foi diretor da autoridade monet\u00e1ria na gest\u00e3o de Arm\u00ednio Fraga.<\/p>\n<p>&nbsp;<\/p>\n<p>Ilan, como se sabe, est\u00e1 numa posi\u00e7\u00e3o superprivilegiada no Ita\u00fa. \u00c9 s\u00f3cio da institui\u00e7\u00e3o e visto como refer\u00eancia dentro do banco. Ele considera muito arriscado abrir m\u00e3o desta posi\u00e7\u00e3o e de sua participa\u00e7\u00e3o acion\u00e1ria, levando-se em conta que se trata de um governo transit\u00f3rio, que n\u00e3o se sabe ao certo qual ser\u00e1 o prazo de dura\u00e7\u00e3o. Ilan reconhece que \u00e9 tentador assumir a presid\u00eancia do BC, mas em condi\u00e7\u00f5es melhores, sem tantos questionamentos.<\/p>\n<p>&nbsp;<\/p>\n<p>Temer \u00e9 muito amigo do presidente do Ita\u00fa, Roberto Set\u00fabal. Talvez se sinta confort\u00e1vel para pedir ao banqueiro que conven\u00e7a Ilan a &#8220;dar uma cota do sacrif\u00edcio&#8221;. Ilan \u00e9 o candidato dos sonhos de Temer para o BC. Os pr\u00f3ximos dias ser\u00e3o determinantes para que o martelo seja batido.<\/p>\n<p>&nbsp;<\/p>\n<p><em>Bras\u00edlia, 15h27min<\/em><\/p>\n","protected":false},"excerpt":{"rendered":"<p>Se realmente quiser ter Ilan Goldfajn, economista-chefe do Ita\u00fa Unibanco, na presid\u00eancia do Banco Central em seu eventual governo, o vice-presidente da Rep\u00fablica, Michel Temer, ter\u00e1 que fazer um longo processo de convencimento. &nbsp; Mesmo com v\u00e1rios dos assessores do vice dando como certa a nomea\u00e7\u00e3o de Ilan para o BC se o Senado acatar [&hellip;]<\/p>\n","protected":false},"author":22,"featured_media":0,"comment_status":"open","ping_status":"closed","sticky":false,"template":"","format":"standard","meta":{"wpb_read_more":[],"footnotes":""},"categories":[1],"tags":[],"class_list":["post-858","post","type-post","status-publish","format-standard","hentry","category-sem-categoria"],"_links":{"self":[{"href":"https:\/\/blogs2.correiobraziliense.com.br\/vicente\/wp-json\/wp\/v2\/posts\/858","targetHints":{"allow":["GET"]}}],"collection":[{"href":"https:\/\/blogs2.correiobraziliense.com.br\/vicente\/wp-json\/wp\/v2\/posts"}],"about":[{"href":"https:\/\/blogs2.correiobraziliense.com.br\/vicente\/wp-json\/wp\/v2\/types\/post"}],"author":[{"embeddable":true,"href":"https:\/\/blogs2.correiobraziliense.com.br\/vicente\/wp-json\/wp\/v2\/users\/22"}],"replies":[{"embeddable":true,"href":"https:\/\/blogs2.correiobraziliense.com.br\/vicente\/wp-json\/wp\/v2\/comments?post=858"}],"version-history":[{"count":1,"href":"https:\/\/blogs2.correiobraziliense.com.br\/vicente\/wp-json\/wp\/v2\/posts\/858\/revisions"}],"predecessor-version":[{"id":859,"href":"https:\/\/blogs2.correiobraziliense.com.br\/vicente\/wp-json\/wp\/v2\/posts\/858\/revisions\/859"}],"wp:attachment":[{"href":"https:\/\/blogs2.correiobraziliense.com.br\/vicente\/wp-json\/wp\/v2\/media?parent=858"}],"wp:term":[{"taxonomy":"category","embeddable":true,"href":"https:\/\/blogs2.correiobraziliense.com.br\/vicente\/wp-json\/wp\/v2\/categories?post=858"},{"taxonomy":"post_tag","embeddable":true,"href":"https:\/\/blogs2.correiobraziliense.com.br\/vicente\/wp-json\/wp\/v2\/tags?post=858"}],"curies":[{"name":"wp","href":"https:\/\/api.w.org\/{rel}","templated":true}]}}