{"id":860,"date":"2016-04-30T00:10:30","date_gmt":"2016-04-30T03:10:30","guid":{"rendered":"https:\/\/blogs2.correiobraziliense.com.br\/vicente\/?p=860"},"modified":"2016-04-29T23:27:37","modified_gmt":"2016-04-30T02:27:37","slug":"barbosa-o-breve","status":"publish","type":"post","link":"https:\/\/blogs2.correiobraziliense.com.br\/vicente\/barbosa-o-breve\/","title":{"rendered":"BARBOSA, O BREVE"},"content":{"rendered":"<p>Nelson Barbosa dever\u00e1 deixar o Minist\u00e9rio da Fazenda nas pr\u00f3ximas duas semanas com um triste saldo. Logo ele, que n\u00e3o mediu esfor\u00e7os para chegar ao cargo, trabalhando pesado nos bastidores para derrubar Joaquim Levy. Nos quase cinco meses comandando a equipe econ\u00f4mica, n\u00e3o produziu nada de relevante que pudesse tirar o pa\u00eds do atoleiro. Muito pelo contr\u00e1rio. Sua presen\u00e7a na pasta mais importante da Esplanada sempre foi vista com desconfian\u00e7a, por nunca mostrar compromisso efetivo com o ajuste fiscal. Barbosa j\u00e1 vem sendo chamado por seus auxiliares de \u201co breve\u201d.<\/p>\n<p>&nbsp;<\/p>\n<p>Desde que chegou, pela primeira vez, \u00e0 Fazenda como secret\u00e1rio adjunto de Pol\u00edtica Macroecon\u00f4mica e An\u00e1lise de Conjuntura, em 2006, Barbosa nunca escondeu o desejo de ocupar o posto mais alto do minist\u00e9rio. Para isso, participou de muitas das estripulias que levaram o Brasil a mergulhar na mais grave recess\u00e3o de sua hist\u00f3ria. Foi um dos mentores da inacredit\u00e1vel nova matriz econ\u00f4mica e defendeu muitas das pedaladas fiscais que podem levar o Senado a afastar Dilma Rousseff da Presid\u00eancia da Rep\u00fablica.<\/p>\n<p>&nbsp;<\/p>\n<p>Ao aderir \u00e0s loucuras que quebraram o pa\u00eds, ele foi pavimentando sua aproxima\u00e7\u00e3o com Dilma, o que gerou atritos com o ent\u00e3o chefe da Fazenda, Guido Mantega. A presidente passou a receber Barbosa nos fins de semana no Pal\u00e1cio da Alvorada para discutir medidas econ\u00f4micas sem que o titular do minist\u00e9rio soubesse. A rela\u00e7\u00e3o entre os dois se deteriorou de tal forma que Mantega exigiu da presidente que demitisse o subalterno. A petista cedeu \u00e0 press\u00e3o e se afastou de Barbosa, que, fora do governo, foi se aproximando do ex-presidente Lula, o que lhe garantiu o comando do Minist\u00e9rio do Planejamento no segundo mandato da petista.<\/p>\n<p>&nbsp;<\/p>\n<p><strong>Ci\u00fame e trai\u00e7\u00e3o<\/strong><\/p>\n<p>&nbsp;<\/p>\n<p>No Planejamento, por sinal, Barbosa montou seu bunker para tripudiar Levy, que havia sido agraciado com a Fazenda e escolhido por Dilma para tentar reconstruir a credibilidade do governo ap\u00f3s a reelei\u00e7\u00e3o. O todo-poderoso Levy, no entanto, foi, aos poucos, sendo esvaziado. A cada medida que anunciava, o Planejamento tratava de desabon\u00e1-la. Barbosa se aproveitou do descompromisso da presidente com a austeridade fiscal defendida pelo ent\u00e3o ministro da Fazenda para convencer a chefe de que n\u00e3o havia necessidade de se fazer um ajuste t\u00e3o rigoroso, pois o ritmo da atividade desabaria.<\/p>\n<p>&nbsp;<\/p>\n<p>O golpe de Barbosa em Levy veio com o envio, ao Congresso, da proposta de Or\u00e7amento para 2016 com proje\u00e7\u00e3o de deficit de R$ 30,5 bilh\u00f5es. O chefe da Fazenda \u00e0 \u00e9poca sequer foi consultado. O resultado foi um desastre. O pouco da confian\u00e7a que o governo havia resgatado se desfez por completo e o Brasil afundou no atoleiro. Em sequ\u00eancia, as tr\u00eas principais ag\u00eancias de classifica\u00e7\u00e3o de risco \u2014 Standard &amp; Poor\u2019s, Fitch e Moody\u2019s \u2014 n\u00e3o s\u00f3 retiraram o grau de investimento do pa\u00eds como contaram a nota de cr\u00e9dito pela segunda vez, o que nos aproximou das na\u00e7\u00f5es consideradas lixo.<\/p>\n<p>&nbsp;<\/p>\n<p>As expectativas de infla\u00e7\u00e3o, que estavam convergindo para o centro da meta, de 4,5%, dispararam. O Banco Central, que caminhava para dar in\u00edcio ao processo de redu\u00e7\u00e3o da taxa b\u00e1sica de juros (Selic) foi obrigado a elev\u00e1-la ainda mais. O d\u00f3lar entrou em rota ascendente e a bolsa de valores despencou. As empresas suspenderam de vez os investimentos produtivos. O desemprego disparou e o or\u00e7amento das fam\u00edlias foi devastado. Dali em diante, o Brasil mergulhou numa crise econ\u00f4mica sem fim e os problemas pol\u00edticos se agigantaram.<\/p>\n<p>&nbsp;<\/p>\n<p><strong>Deficit e desemprego<\/strong><\/p>\n<p>&nbsp;<\/p>\n<p>Nos \u00faltimos dois meses, Barbosa dedicou todo o tempo dispon\u00edvel para preparar a defesa de Dilma no Congresso. N\u00e3o conseguiu convencer, com seus argumentos fr\u00e1geis, os deputados, que impuseram uma derrota fragorosa \u00e0 presidente. Ontem, repetiu o mesmo discurso no Senado, mas a tese de que a petista n\u00e3o cometeu crime de responsabilidade fiscal n\u00e3o colou. Tudo indica que a maior parte dos senadores vai mesmo optar pelo afastamento tempor\u00e1rio da petista.<\/p>\n<p>&nbsp;<\/p>\n<p>Barbosa, com o poss\u00edvel impeachment de Dilma, sair\u00e1 da Fazenda com o curr\u00edculo manchado por deficits fiscais recordes \u2014 o governo central registrou rombo de R$ 18,2 bilh\u00f5es apenas nos primeiros tr\u00eas meses de 2016 \u2014 e pelo desemprego nas alturas. Como mostrou o Instituto Brasileiro de Geografia e Estat\u00edstica (IBGE), a taxa de desocupa\u00e7\u00e3o alcan\u00e7ou 10,9%, ou seja, 11,1 milh\u00f5es de brasileiros est\u00e3o sem trabalho. E mais: o Produto Interno Bruto (PIB) entre janeiro e mar\u00e7o deve ser ca\u00eddo mais de 1% ante o trimestre imediatamente anterior, aprofundando a recess\u00e3o.<\/p>\n<p>&nbsp;<\/p>\n<p>\u201cO breve\u201d, com sua passagem desastrosa pela Fazenda, se juntar\u00e1 a Gustavo Krause, que ficou dois meses e 14 dias na Fazenda; a Paulo Haddad (dois meses e 16 dias); e a Eliseu Resende (dois meses e 18 dias), todos ministros-rel\u00e2mpagos durante o governo Itamar Franco. N\u00e3o era esse o fim que Barbosa sonhava. Mas, como Dilma, ele est\u00e1 colhendo o que plantou.<\/p>\n<p>&nbsp;<\/p>\n<p><em>Bras\u00edlia, 00h10min<\/em><\/p>\n","protected":false},"excerpt":{"rendered":"<p>Nelson Barbosa dever\u00e1 deixar o Minist\u00e9rio da Fazenda nas pr\u00f3ximas duas semanas com um triste saldo. Logo ele, que n\u00e3o mediu esfor\u00e7os para chegar ao cargo, trabalhando pesado nos bastidores para derrubar Joaquim Levy. Nos quase cinco meses comandando a equipe econ\u00f4mica, n\u00e3o produziu nada de relevante que pudesse tirar o pa\u00eds do atoleiro. Muito [&hellip;]<\/p>\n","protected":false},"author":22,"featured_media":0,"comment_status":"open","ping_status":"closed","sticky":false,"template":"","format":"standard","meta":{"wpb_read_more":[],"footnotes":""},"categories":[1],"tags":[],"class_list":["post-860","post","type-post","status-publish","format-standard","hentry","category-sem-categoria"],"_links":{"self":[{"href":"https:\/\/blogs2.correiobraziliense.com.br\/vicente\/wp-json\/wp\/v2\/posts\/860","targetHints":{"allow":["GET"]}}],"collection":[{"href":"https:\/\/blogs2.correiobraziliense.com.br\/vicente\/wp-json\/wp\/v2\/posts"}],"about":[{"href":"https:\/\/blogs2.correiobraziliense.com.br\/vicente\/wp-json\/wp\/v2\/types\/post"}],"author":[{"embeddable":true,"href":"https:\/\/blogs2.correiobraziliense.com.br\/vicente\/wp-json\/wp\/v2\/users\/22"}],"replies":[{"embeddable":true,"href":"https:\/\/blogs2.correiobraziliense.com.br\/vicente\/wp-json\/wp\/v2\/comments?post=860"}],"version-history":[{"count":1,"href":"https:\/\/blogs2.correiobraziliense.com.br\/vicente\/wp-json\/wp\/v2\/posts\/860\/revisions"}],"predecessor-version":[{"id":861,"href":"https:\/\/blogs2.correiobraziliense.com.br\/vicente\/wp-json\/wp\/v2\/posts\/860\/revisions\/861"}],"wp:attachment":[{"href":"https:\/\/blogs2.correiobraziliense.com.br\/vicente\/wp-json\/wp\/v2\/media?parent=860"}],"wp:term":[{"taxonomy":"category","embeddable":true,"href":"https:\/\/blogs2.correiobraziliense.com.br\/vicente\/wp-json\/wp\/v2\/categories?post=860"},{"taxonomy":"post_tag","embeddable":true,"href":"https:\/\/blogs2.correiobraziliense.com.br\/vicente\/wp-json\/wp\/v2\/tags?post=860"}],"curies":[{"name":"wp","href":"https:\/\/api.w.org\/{rel}","templated":true}]}}