{"id":866,"date":"2016-05-03T05:48:04","date_gmt":"2016-05-03T08:48:04","guid":{"rendered":"https:\/\/blogs2.correiobraziliense.com.br\/vicente\/?p=866"},"modified":"2016-05-03T13:51:44","modified_gmt":"2016-05-03T16:51:44","slug":"paralisia-no-bndes","status":"publish","type":"post","link":"https:\/\/blogs2.correiobraziliense.com.br\/vicente\/paralisia-no-bndes\/","title":{"rendered":"PARALISIA NO BNDES"},"content":{"rendered":"<p>\u00bb A situa\u00e7\u00e3o no Banco Nacional de Desenvolvimento Econ\u00f4mico e Social (BNDES) tamb\u00e9m n\u00e3o \u00e9 das melhores. A institui\u00e7\u00e3o se meteu em muitos neg\u00f3cios ruins, que minaram a sua capacidade de rea\u00e7\u00e3o.<\/p>\n<p>&nbsp;<\/p>\n<p><strong>Cofre fechado<\/strong><\/p>\n<p>&nbsp;<\/p>\n<p>\u00bb Era esperado que, dentro dos planos do governo de fazer as concess\u00f5es de infraestrutura deslancharem, o BNDES abrisse os cofres. O corpo t\u00e9cnico do banco, por\u00e9m, achou melhor pisar no freio at\u00e9 que o quadro pol\u00edtico desanuvie.<\/p>\n","protected":false},"excerpt":{"rendered":"<p>\u00bb A situa\u00e7\u00e3o no Banco Nacional de Desenvolvimento Econ\u00f4mico e Social (BNDES) tamb\u00e9m n\u00e3o \u00e9 das melhores. A institui\u00e7\u00e3o se meteu em muitos neg\u00f3cios ruins, que minaram a sua capacidade de rea\u00e7\u00e3o. &nbsp; Cofre fechado &nbsp; \u00bb Era esperado que, dentro dos planos do governo de fazer as concess\u00f5es de infraestrutura deslancharem, o BNDES abrisse [&hellip;]<\/p>\n","protected":false},"author":22,"featured_media":0,"comment_status":"open","ping_status":"closed","sticky":false,"template":"","format":"standard","meta":{"wpb_read_more":[],"footnotes":""},"categories":[1],"tags":[],"class_list":["post-866","post","type-post","status-publish","format-standard","hentry","category-sem-categoria"],"_links":{"self":[{"href":"https:\/\/blogs2.correiobraziliense.com.br\/vicente\/wp-json\/wp\/v2\/posts\/866","targetHints":{"allow":["GET"]}}],"collection":[{"href":"https:\/\/blogs2.correiobraziliense.com.br\/vicente\/wp-json\/wp\/v2\/posts"}],"about":[{"href":"https:\/\/blogs2.correiobraziliense.com.br\/vicente\/wp-json\/wp\/v2\/types\/post"}],"author":[{"embeddable":true,"href":"https:\/\/blogs2.correiobraziliense.com.br\/vicente\/wp-json\/wp\/v2\/users\/22"}],"replies":[{"embeddable":true,"href":"https:\/\/blogs2.correiobraziliense.com.br\/vicente\/wp-json\/wp\/v2\/comments?post=866"}],"version-history":[{"count":1,"href":"https:\/\/blogs2.correiobraziliense.com.br\/vicente\/wp-json\/wp\/v2\/posts\/866\/revisions"}],"predecessor-version":[{"id":867,"href":"https:\/\/blogs2.correiobraziliense.com.br\/vicente\/wp-json\/wp\/v2\/posts\/866\/revisions\/867"}],"wp:attachment":[{"href":"https:\/\/blogs2.correiobraziliense.com.br\/vicente\/wp-json\/wp\/v2\/media?parent=866"}],"wp:term":[{"taxonomy":"category","embeddable":true,"href":"https:\/\/blogs2.correiobraziliense.com.br\/vicente\/wp-json\/wp\/v2\/categories?post=866"},{"taxonomy":"post_tag","embeddable":true,"href":"https:\/\/blogs2.correiobraziliense.com.br\/vicente\/wp-json\/wp\/v2\/tags?post=866"}],"curies":[{"name":"wp","href":"https:\/\/api.w.org\/{rel}","templated":true}]}}