{"id":87,"date":"2015-04-11T22:07:00","date_gmt":"2015-04-12T01:07:00","guid":{"rendered":"https:\/\/blogs2.correiobraziliense.com.br\/vicente\/levy_cobra_ajuste_mas_a_fazenda_torra_dinheiro_em_obras_inuteis\/"},"modified":"2015-04-11T22:07:00","modified_gmt":"2015-04-12T01:07:00","slug":"levy_cobra_ajuste_mas_a_fazenda_torra_dinheiro_em_obras_inuteis","status":"publish","type":"post","link":"https:\/\/blogs2.correiobraziliense.com.br\/vicente\/levy_cobra_ajuste_mas_a_fazenda_torra_dinheiro_em_obras_inuteis\/","title":{"rendered":"LEVY COBRA AJUSTE, MAS A FAZENDA TORRA DINHEIRO EM OBRAS IN\u00daTEIS"},"content":{"rendered":"\n<p>\u00bb ROSANA HESSEL E C\u00c9LIA PERRONE  <\/p>\n<p>Enquanto pede que todo o governo se engaje no ajuste fiscal, cortando gastos &#8220;na carne&#8221;, como costuma dizer, o ministro da Fazenda, Joaquim Levy, n\u00e3o faz o mesmo no edif\u00edcio em que despacha diariamente. Levy n\u00e3o tem conseguido colocar sua famosa tesoura em a\u00e7\u00e3o nas reformas, herdadas do antecessor Guido Mantega, no pr\u00e9dio P da Esplanada dos Minist\u00e9rios.  <\/p>\n<p>No andar t\u00e9rreo, ao lado do comit\u00ea de imprensa, um banheiro, que havia sido totalmente remodelado em 2012, est\u00e1 novamente em reforma h\u00e1 sete meses. Iniciada em setembro de 2014, a nova empreitada ainda n\u00e3o foi conclu\u00edda. A obra faz parte de um conjunto de servi\u00e7os contratados pela Fazenda de setembro a dezembro do ano passado para reformar pelo menos cinco banheiros. At\u00e9 agora, esse pacote custou pouco mais de R$ 500 mil, de acordo com dados do Sistema Integrado de Administra\u00e7\u00e3o Financeira (Siafi).   <\/p>\n<p>Nesse montante est\u00e3o inclu\u00eddos R$ 72 mil gastos com lou\u00e7as e metais para os sanit\u00e1rios do 10\u00ba andar do Edif\u00edcio Alvorada, onde fica a sede do Conselho Administrativo de Recursos Fiscais (Carf), epicentro das investiga\u00e7\u00f5es da Opera\u00e7\u00e3o Zelotes, que desvendou um esquema de corrup\u00e7\u00e3o que pode ter dado um preju\u00edzo de mais de R$ 19 bilh\u00f5es aos cofres da Uni\u00e3o.  <\/p>\n<p>O gasto de meio milh\u00e3o de reais apenas com reformas de banheiros na Fazenda chama a aten\u00e7\u00e3o de especialistas em administra\u00e7\u00e3o p\u00fablica. &#8220;Estamos diante de um valor significativo. E, se houve uma reforma anterior, isso precisa ser explicado, porque mostra que o primeiro servi\u00e7o ou foi malfeito ou temos, agora, uma obra desnecess\u00e1ria. Esses casos merecem mais transpar\u00eancia&#8221;, analisa o professor da Universidade de Bras\u00edlia (UnB) Jos\u00e9 Matias-Pereira. Ele lembra que a ent\u00e3o primeira-dama Rosane Collor gastou valor semelhante para remodelar um banheiro da Legi\u00e3o Brasileira de Assist\u00eancia (LBA), quando presidiu a entidade, no in\u00edcio dos anos 1990.  <\/p>\n<p>A obra anterior nos sanit\u00e1rios do t\u00e9rreo do Minist\u00e9rio da Fazenda demorou quase um ano para ficar pronta e foi realizada pela Delta, que j\u00e1 foi a maior empreiteira de obras do Programa de Acelera\u00e7\u00e3o do Crescimento (PAC). Mesmo ap\u00f3s a conclus\u00e3o dos trabalhos, eram constantes problemas como vazamentos e trepida\u00e7\u00e3o nas torneiras.  <\/p>\n<p>Procurada, a Fazenda n\u00e3o detalhou os custos das reformas nem comentou o fato de duas obras acontecerem em t\u00e3o pequeno intervalo de tempo. Em nota, informou que a demora da atual reforma &#8220;\u00e9 decorrente da pr\u00f3pria natureza dos servi\u00e7os de engenharia&#8221;. E acrescentou que os trabalhos atuais &#8220;n\u00e3o t\u00eam natureza provis\u00f3ria&#8221;.  <\/p>\n<p><b>Transpar\u00eancia<\/b>  <\/p>\n<p>De acordo com minist\u00e9rio, &#8220;os banheiros est\u00e3o sendo reformados para atender \u00e0 demanda de servidores que recentemente passaram a ocupar os espa\u00e7os da \u00e1rea administrativa&#8221;. Antes, parte da ala abrigava as instala\u00e7\u00f5es provis\u00f3rias da ag\u00eancia do Banco do Brasil. A institui\u00e7\u00e3o chegou a colocar um elevador at\u00e9 o mezanino, que agora fica parado porque, &#8220;no momento, n\u00e3o existe um contrato de manuten\u00e7\u00e3o&#8221;. Para ampliar a min\u00fascula copa do t\u00e9rreo, ao lado dos banheiros que est\u00e3o sendo reformados, o piso de m\u00e1rmore branco, da \u00e9poca da inaugura\u00e7\u00e3o de Bras\u00edlia, foi substitu\u00eddo por placas de granito, uma pedra menos nobre.  <\/p>\n<p>O professor Matias-Pereira, da UnB, destacou que o Minist\u00e9rio da Fazenda n\u00e3o \u00e9 o \u00fanico caso de obras problem\u00e1ticas no pa\u00eds. &#8220;Reformas s\u00e3o sempre um problema. Elas acabam ficando mais caras do que a constru\u00e7\u00e3o de algo novo&#8221;, lamentou. &#8220;Quando s\u00e3o feitas em \u00f3rg\u00e3os p\u00fablicos, \u00e9 preciso ter cuidado redobrado. Nessa \u00e1rea, \u00e9 necess\u00e1rio que os contratos tenham bastante transpar\u00eancia. Podemos estar diante de uma situa\u00e7\u00e3o de desperd\u00edcio de dinheiro do contribuinte&#8221;, emendou.  <\/p>\n<p><i>Bras\u00edlia, 22h08min<\/i>   <\/p>\n","protected":false},"excerpt":{"rendered":"<p>\u00bb ROSANA HESSEL E C\u00c9LIA PERRONE Enquanto pede que todo o governo se engaje no ajuste fiscal, cortando gastos &#8220;na carne&#8221;, como costuma dizer, o ministro da Fazenda, Joaquim Levy, n\u00e3o faz o mesmo no edif\u00edcio em que despacha diariamente. Levy n\u00e3o tem conseguido colocar sua famosa tesoura em a\u00e7\u00e3o nas reformas, herdadas do antecessor [&hellip;]<\/p>\n","protected":false},"author":22,"featured_media":0,"comment_status":"open","ping_status":"open","sticky":false,"template":"","format":"standard","meta":{"wpb_read_more":[],"footnotes":""},"categories":[1],"tags":[],"class_list":["post-87","post","type-post","status-publish","format-standard","hentry","category-sem-categoria"],"_links":{"self":[{"href":"https:\/\/blogs2.correiobraziliense.com.br\/vicente\/wp-json\/wp\/v2\/posts\/87","targetHints":{"allow":["GET"]}}],"collection":[{"href":"https:\/\/blogs2.correiobraziliense.com.br\/vicente\/wp-json\/wp\/v2\/posts"}],"about":[{"href":"https:\/\/blogs2.correiobraziliense.com.br\/vicente\/wp-json\/wp\/v2\/types\/post"}],"author":[{"embeddable":true,"href":"https:\/\/blogs2.correiobraziliense.com.br\/vicente\/wp-json\/wp\/v2\/users\/22"}],"replies":[{"embeddable":true,"href":"https:\/\/blogs2.correiobraziliense.com.br\/vicente\/wp-json\/wp\/v2\/comments?post=87"}],"version-history":[{"count":0,"href":"https:\/\/blogs2.correiobraziliense.com.br\/vicente\/wp-json\/wp\/v2\/posts\/87\/revisions"}],"wp:attachment":[{"href":"https:\/\/blogs2.correiobraziliense.com.br\/vicente\/wp-json\/wp\/v2\/media?parent=87"}],"wp:term":[{"taxonomy":"category","embeddable":true,"href":"https:\/\/blogs2.correiobraziliense.com.br\/vicente\/wp-json\/wp\/v2\/categories?post=87"},{"taxonomy":"post_tag","embeddable":true,"href":"https:\/\/blogs2.correiobraziliense.com.br\/vicente\/wp-json\/wp\/v2\/tags?post=87"}],"curies":[{"name":"wp","href":"https:\/\/api.w.org\/{rel}","templated":true}]}}