{"id":873,"date":"2016-05-04T05:25:40","date_gmt":"2016-05-04T08:25:40","guid":{"rendered":"https:\/\/blogs2.correiobraziliense.com.br\/vicente\/?p=873"},"modified":"2016-05-04T08:27:34","modified_gmt":"2016-05-04T11:27:34","slug":"contagem-regressiva-no-bc","status":"publish","type":"post","link":"https:\/\/blogs2.correiobraziliense.com.br\/vicente\/contagem-regressiva-no-bc\/","title":{"rendered":"CONTAGEM REGRESSIVA NO BC"},"content":{"rendered":"<p>\u00bb Os investidores est\u00e3o \u00e1vidos por saber quanto tempo Alexandre Tombini ainda permanecer\u00e1 na Presid\u00eancia do Banco Central. A troca de comando da institui\u00e7\u00e3o ser\u00e1 mais lenta do que muitos desejam.<\/p>\n<p>&nbsp;<\/p>\n<p><b>A op\u00e7\u00e3o Volpon<\/b><\/p>\n<p>&nbsp;<\/p>\n<p>\u00bb Dentro do BC se cogita a possibilidade de Tombini pedir demiss\u00e3o no dia seguinte \u00e0 aprova\u00e7\u00e3o do impeachment de Dilma pelo Senado, com o diretor Tony Volpon assumindo interinamente a presid\u00eancia do banco.<\/p>\n","protected":false},"excerpt":{"rendered":"<p>\u00bb Os investidores est\u00e3o \u00e1vidos por saber quanto tempo Alexandre Tombini ainda permanecer\u00e1 na Presid\u00eancia do Banco Central. A troca de comando da institui\u00e7\u00e3o ser\u00e1 mais lenta do que muitos desejam. &nbsp; A op\u00e7\u00e3o Volpon &nbsp; \u00bb Dentro do BC se cogita a possibilidade de Tombini pedir demiss\u00e3o no dia seguinte \u00e0 aprova\u00e7\u00e3o do impeachment [&hellip;]<\/p>\n","protected":false},"author":22,"featured_media":0,"comment_status":"open","ping_status":"closed","sticky":false,"template":"","format":"standard","meta":{"wpb_read_more":[],"footnotes":""},"categories":[1],"tags":[],"class_list":["post-873","post","type-post","status-publish","format-standard","hentry","category-sem-categoria"],"_links":{"self":[{"href":"https:\/\/blogs2.correiobraziliense.com.br\/vicente\/wp-json\/wp\/v2\/posts\/873","targetHints":{"allow":["GET"]}}],"collection":[{"href":"https:\/\/blogs2.correiobraziliense.com.br\/vicente\/wp-json\/wp\/v2\/posts"}],"about":[{"href":"https:\/\/blogs2.correiobraziliense.com.br\/vicente\/wp-json\/wp\/v2\/types\/post"}],"author":[{"embeddable":true,"href":"https:\/\/blogs2.correiobraziliense.com.br\/vicente\/wp-json\/wp\/v2\/users\/22"}],"replies":[{"embeddable":true,"href":"https:\/\/blogs2.correiobraziliense.com.br\/vicente\/wp-json\/wp\/v2\/comments?post=873"}],"version-history":[{"count":1,"href":"https:\/\/blogs2.correiobraziliense.com.br\/vicente\/wp-json\/wp\/v2\/posts\/873\/revisions"}],"predecessor-version":[{"id":874,"href":"https:\/\/blogs2.correiobraziliense.com.br\/vicente\/wp-json\/wp\/v2\/posts\/873\/revisions\/874"}],"wp:attachment":[{"href":"https:\/\/blogs2.correiobraziliense.com.br\/vicente\/wp-json\/wp\/v2\/media?parent=873"}],"wp:term":[{"taxonomy":"category","embeddable":true,"href":"https:\/\/blogs2.correiobraziliense.com.br\/vicente\/wp-json\/wp\/v2\/categories?post=873"},{"taxonomy":"post_tag","embeddable":true,"href":"https:\/\/blogs2.correiobraziliense.com.br\/vicente\/wp-json\/wp\/v2\/tags?post=873"}],"curies":[{"name":"wp","href":"https:\/\/api.w.org\/{rel}","templated":true}]}}