{"id":875,"date":"2016-05-04T03:27:56","date_gmt":"2016-05-04T06:27:56","guid":{"rendered":"https:\/\/blogs2.correiobraziliense.com.br\/vicente\/?p=875"},"modified":"2016-05-18T12:54:12","modified_gmt":"2016-05-18T15:54:12","slug":"miriam-pior-dos-piores","status":"publish","type":"post","link":"https:\/\/blogs2.correiobraziliense.com.br\/vicente\/miriam-pior-dos-piores\/","title":{"rendered":"M\u00edriam, a pior dos piores"},"content":{"rendered":"<p>\u00bb Funcion\u00e1rios da Caixa Econ\u00f4mica Federal falam, sem qualquer constrangimento, nas depend\u00eancias da institui\u00e7\u00e3o, que nenhum presidente do banco foi pior do que M\u00edriam Belchior.<\/p>\n","protected":false},"excerpt":{"rendered":"<p>\u00bb Funcion\u00e1rios da Caixa Econ\u00f4mica Federal falam, sem qualquer constrangimento, nas depend\u00eancias da institui\u00e7\u00e3o, que nenhum presidente do banco foi pior do que M\u00edriam Belchior.<\/p>\n","protected":false},"author":22,"featured_media":0,"comment_status":"open","ping_status":"closed","sticky":false,"template":"","format":"standard","meta":{"wpb_read_more":[],"footnotes":""},"categories":[1],"tags":[],"class_list":["post-875","post","type-post","status-publish","format-standard","hentry","category-sem-categoria"],"_links":{"self":[{"href":"https:\/\/blogs2.correiobraziliense.com.br\/vicente\/wp-json\/wp\/v2\/posts\/875","targetHints":{"allow":["GET"]}}],"collection":[{"href":"https:\/\/blogs2.correiobraziliense.com.br\/vicente\/wp-json\/wp\/v2\/posts"}],"about":[{"href":"https:\/\/blogs2.correiobraziliense.com.br\/vicente\/wp-json\/wp\/v2\/types\/post"}],"author":[{"embeddable":true,"href":"https:\/\/blogs2.correiobraziliense.com.br\/vicente\/wp-json\/wp\/v2\/users\/22"}],"replies":[{"embeddable":true,"href":"https:\/\/blogs2.correiobraziliense.com.br\/vicente\/wp-json\/wp\/v2\/comments?post=875"}],"version-history":[{"count":2,"href":"https:\/\/blogs2.correiobraziliense.com.br\/vicente\/wp-json\/wp\/v2\/posts\/875\/revisions"}],"predecessor-version":[{"id":1024,"href":"https:\/\/blogs2.correiobraziliense.com.br\/vicente\/wp-json\/wp\/v2\/posts\/875\/revisions\/1024"}],"wp:attachment":[{"href":"https:\/\/blogs2.correiobraziliense.com.br\/vicente\/wp-json\/wp\/v2\/media?parent=875"}],"wp:term":[{"taxonomy":"category","embeddable":true,"href":"https:\/\/blogs2.correiobraziliense.com.br\/vicente\/wp-json\/wp\/v2\/categories?post=875"},{"taxonomy":"post_tag","embeddable":true,"href":"https:\/\/blogs2.correiobraziliense.com.br\/vicente\/wp-json\/wp\/v2\/tags?post=875"}],"curies":[{"name":"wp","href":"https:\/\/api.w.org\/{rel}","templated":true}]}}