{"id":879,"date":"2016-05-04T15:51:12","date_gmt":"2016-05-04T18:51:12","guid":{"rendered":"https:\/\/blogs2.correiobraziliense.com.br\/vicente\/?p=879"},"modified":"2016-05-04T15:51:12","modified_gmt":"2016-05-04T18:51:12","slug":"picuinhas-desgastam-equipe-de-temer","status":"publish","type":"post","link":"https:\/\/blogs2.correiobraziliense.com.br\/vicente\/picuinhas-desgastam-equipe-de-temer\/","title":{"rendered":"PICUINHAS DESGASTAM EQUIPE DE TEMER"},"content":{"rendered":"<p>POR PAULO SILVA PINTO<\/p>\n<p>&nbsp;<\/p>\n<p>O governo de Michel Temer nem come\u00e7ou e j\u00e1 enfrenta embates internos. Nada em p\u00fablico, por enquanto. O mais recente motivo da celeuma foi o aumento de 9% no Bolsa Fam\u00edlia, anunciado no domingo pela presidente Dilma Rousseff. O reajuste vai valer a partir de junho. O problema \u00e9 que Temer pretendia ele mesmo anunciar a eleva\u00e7\u00e3o do benef\u00edcio. Na pr\u00f3xima semana, o vice passar\u00e1 a exercer a Presid\u00eancia da Rep\u00fablica caso o processo de impeachment seja aberto pelo plen\u00e1rio do Senado. \u201cN\u00f3s ir\u00edamos promover esse aumento. Se n\u00e3o tivesse gente daqui falando tanto, Dilma n\u00e3o teria se preocupado em fazer o an\u00fancio agora\u201d, afirmou um aliado pr\u00f3ximo do vice-presidente.<\/p>\n<p>&nbsp;<\/p>\n<p>O Minist\u00e9rio da Fazenda informou na semana passada que n\u00e3o h\u00e1 recursos previstos no Or\u00e7amento para o reajuste, o que vai exigir um esfor\u00e7o para realoca\u00e7\u00e3o de despesas. E a tarefa caber\u00e1, provavelmente, \u00e0 equipe a ser anunciada por Michel Temer, ou seja, o novo governo ficar\u00e1 com o \u00f4nus de pagar a conta, mas sem o m\u00e9rito de ter concedido o reajuste. E n\u00e3o ser\u00e1 f\u00e1cil conseguir dinheiro. A Lei de Diretrizes Or\u00e7ament\u00e1rias deste ano prev\u00ea superavit de R$ 24 bilh\u00f5es, mas o governo j\u00e1 enviou um projeto para mudar a meta para um deficit de R$ 96,6 bilh\u00f5es.<br \/>\nPara o economista Raul Velloso, n\u00e3o h\u00e1 risco de que isso contamine a largada da equipe de Temer. \u201cPode-se dizer o que quiser das pessoas que est\u00e3o com o vice-presidente, menos que s\u00e3o amadores\u201d.<\/p>\n<p>&nbsp;<\/p>\n<p>Na avalia\u00e7\u00e3o de Jo\u00e3o Augusto de Castro Neves, diretor para a Am\u00e9rica Latina da consultoria Eurasia, esse tipo de conflito n\u00e3o surgiu \u00e0 toa. \u00c9 objetivo da pr\u00f3pria equipe que est\u00e1 na imin\u00eancia de deixar o Planalto. \u201cAo anunciar o aumento do Bolsa Fam\u00edlia e outras medidas, mais do que elevar a pr\u00f3pria popularidade, o que a presidente busca \u00e9 reduzir a de seu poss\u00edvel sucessor\u201d, disse. Ele duvida, no entanto, que intrigas contaminem o in\u00edcio da nova gest\u00e3o. \u201cTemer \u00e9 um animal pol\u00edtico e n\u00e3o vai permitir que o fogo amigo, caso surja, se espalhe\u201d, assinalou. \u201cO presidente tem que mostrar que, na economia, quem manda \u00e9 o ministro da Fazenda.\u201d O prov\u00e1vel ocupante do cargo ser\u00e1 Henrique Meirelles, que foi presidente do Banco Central (BC) nos oito anos em que Lula esteve no poder. \u201cMeirelles s\u00f3 aceitar\u00e1 ser ministro sob certas condi\u00e7\u00f5es\u201d, disse Velloso, que tamb\u00e9m chama aten\u00e7\u00e3o para a necessidade de empoderamento do titular da Fazenda.<\/p>\n<p>&nbsp;<\/p>\n<p>O diretor da Eurasia lembrou que tudo o que faltou no governo Dilma foi o protagonismo do ministro da Fazenda, cargo ocupado no primeiro mandato por Guido Mantega e, no segundo, por Joaquim Levy e Nelson Barbosa. \u201cO ajuste promovido no ano passado era de responsabilidade do Levy. Dilma nunca falou das medidas. Por isso, sempre se duvidou de que ela realmente tivesse convic\u00e7\u00e3o quanto \u00e0 import\u00e2ncia do que estava sendo feito\u201d, afirmou.<\/p>\n<p>&nbsp;<\/p>\n<p>Fernando Henrique Cardoso fazia quest\u00e3o de blindar o titular da Fazenda, Pedro Malan, em qualquer disputa. No segundo mandato, o ministro do Desenvolvimento, Cl\u00f3vis Carvalho, teve de deixar o governo quando fez cr\u00edticas \u00e0 pol\u00edtica econ\u00f4mica. Lula tamb\u00e9m protegeu Antonio Palocci, mesmo nos embates com o chefe da Casa Civil, Jos\u00e9 Dirceu. Quando Palocci saiu do governo, a blindagem passou a Meirelles, que estava no BC, e n\u00e3o a Mantega, al\u00e7ado \u00e0 Fazenda.<\/p>\n<p>&nbsp;<\/p>\n<p><em>Bras\u00edlia, 15h51min<\/em><\/p>\n","protected":false},"excerpt":{"rendered":"<p>POR PAULO SILVA PINTO &nbsp; O governo de Michel Temer nem come\u00e7ou e j\u00e1 enfrenta embates internos. Nada em p\u00fablico, por enquanto. O mais recente motivo da celeuma foi o aumento de 9% no Bolsa Fam\u00edlia, anunciado no domingo pela presidente Dilma Rousseff. O reajuste vai valer a partir de junho. O problema \u00e9 que [&hellip;]<\/p>\n","protected":false},"author":22,"featured_media":0,"comment_status":"open","ping_status":"closed","sticky":false,"template":"","format":"standard","meta":{"wpb_read_more":[],"footnotes":""},"categories":[1],"tags":[],"class_list":["post-879","post","type-post","status-publish","format-standard","hentry","category-sem-categoria"],"_links":{"self":[{"href":"https:\/\/blogs2.correiobraziliense.com.br\/vicente\/wp-json\/wp\/v2\/posts\/879","targetHints":{"allow":["GET"]}}],"collection":[{"href":"https:\/\/blogs2.correiobraziliense.com.br\/vicente\/wp-json\/wp\/v2\/posts"}],"about":[{"href":"https:\/\/blogs2.correiobraziliense.com.br\/vicente\/wp-json\/wp\/v2\/types\/post"}],"author":[{"embeddable":true,"href":"https:\/\/blogs2.correiobraziliense.com.br\/vicente\/wp-json\/wp\/v2\/users\/22"}],"replies":[{"embeddable":true,"href":"https:\/\/blogs2.correiobraziliense.com.br\/vicente\/wp-json\/wp\/v2\/comments?post=879"}],"version-history":[{"count":1,"href":"https:\/\/blogs2.correiobraziliense.com.br\/vicente\/wp-json\/wp\/v2\/posts\/879\/revisions"}],"predecessor-version":[{"id":880,"href":"https:\/\/blogs2.correiobraziliense.com.br\/vicente\/wp-json\/wp\/v2\/posts\/879\/revisions\/880"}],"wp:attachment":[{"href":"https:\/\/blogs2.correiobraziliense.com.br\/vicente\/wp-json\/wp\/v2\/media?parent=879"}],"wp:term":[{"taxonomy":"category","embeddable":true,"href":"https:\/\/blogs2.correiobraziliense.com.br\/vicente\/wp-json\/wp\/v2\/categories?post=879"},{"taxonomy":"post_tag","embeddable":true,"href":"https:\/\/blogs2.correiobraziliense.com.br\/vicente\/wp-json\/wp\/v2\/tags?post=879"}],"curies":[{"name":"wp","href":"https:\/\/api.w.org\/{rel}","templated":true}]}}