{"id":88,"date":"2015-04-14T15:40:00","date_gmt":"2015-04-14T18:40:00","guid":{"rendered":"https:\/\/blogs2.correiobraziliense.com.br\/vicente\/o_que_quer_levy\/"},"modified":"2015-04-14T15:40:00","modified_gmt":"2015-04-14T18:40:00","slug":"o_que_quer_levy","status":"publish","type":"post","link":"https:\/\/blogs2.correiobraziliense.com.br\/vicente\/o_que_quer_levy\/","title":{"rendered":"O QUE QUER LEVY?"},"content":{"rendered":"\n<p>H\u00e1 quase quatro meses no comando do Minist\u00e9rio da Fazenda, Joaquim Levy tem mostrado desenvoltura pol\u00edtica impressionante para quem foi apresentado como um t\u00e9cnico t\u00edmido e compenetrado, n\u00e3o muito afeito aos salamaleques da Corte que habita Bras\u00edlia. <\/p>\n<p>A forma como vem transitando dentro do governo e no Congresso Nacional tem chamado a aten\u00e7\u00e3o de parlamentares astutos, que veem em Levy um projeto de poder que pode desaguar em uma tentativa de se lan\u00e7ar candidato \u00e0 Presid\u00eancia da Rep\u00fablica em 2018. <\/p>\n<p>Como o PT est\u00e1 desgastado, por causa das grav\u00edssimas den\u00fancias de corrup\u00e7\u00e3o, nem mesmo o ex-presidente Lula apresenta hoje condi\u00e7\u00f5es de manter o partido no poder, como mostram as mais recentes pesquisas de inten\u00e7\u00e3o de votos. A \u00fanica chance de a legenda que comanda o pa\u00eds desde 2003 se mostrar competitiva na disputa pela sucess\u00e3o de Dilma Rousseff seria lan\u00e7ar um nome novo, fora do c\u00edrculo tradicional de pol\u00edticos. Por que n\u00e3o Levy? <\/p>\n<p> Ambi\u00e7\u00f5es o ministro tem de sobra. Quem o viu ontem circulando pela Tecnoshow Comigo, feira agr\u00edcola realizada em Rio Verde, interior de Goi\u00e1s, tinha a certeza de se tratar de um pol\u00edtico-candidato. Vestindo camisa com as mangas dobradas, chap\u00e9u de palha e distribuindo beijinhos, Levy estava muito distante do t\u00e9cnico que assumiu com a miss\u00e3o de promover um forte ajuste nas contas p\u00fablicas, usando um linguajar muito longe da compreens\u00e3o do pov\u00e3o. <\/p>\n<p> \u00c9 poss\u00edvel associar os primeiros meses de Levy aos do ex-ministro da Fazenda Antonio Palocci, com o qual o atual ministro trabalhou como secret\u00e1rio do Tesouro Nacional. Ao comandar um programa para resgatar a credibilidade da economia, no in\u00edcio do primeiro governo Lula, Palocci tornou-se refer\u00eancia na administra\u00e7\u00e3o petista. <\/p>\n<p>\u00c0 medida que ia colhendo bons resultados na economia e se mostrando articulador perspicaz e sensato, Palocci passou a ser visto como um prov\u00e1vel sucessor de Lula. Sua visibilidade foi t\u00e3o expressiva, que passou a despertar inveja dentro do governo. Acabou tendo todas as chances de chegar \u00e0 disputa presidencial atropeladas pela quebra do sigilo banc\u00e1rio do caseiro Francenildo Costa. <\/p>\n<p>Auxiliares pr\u00f3ximos a Levy garantem que, neste momento, n\u00e3o h\u00e1 nenhuma inten\u00e7\u00e3o por parte do ministro de enveredar para a pol\u00edtica. Mas destacam que o ministro n\u00e3o economiza esfor\u00e7os para ganhar relev\u00e2ncia dentro do governo. Ele sabe que, se conseguir levar adiante o programa de ajuste fiscal que prometeu, arrumar a casa destru\u00edda no primeiro mandato de Dilma, ganhar\u00e1 musculatura para projetos mais ambiciosos. Quem sabe o Pal\u00e1cio do Planalto. <\/p>\n<p>N\u00e3o se pode esquecer de que Levy tem conex\u00f5es com os tr\u00eas maiores partidos do pa\u00eds. Est\u00e1 num governo PT, inflado por Lula e por Dilma, que ontem, no meio da feira, lhe mandou um torpedo convocando-o para uma reuni\u00e3o no fim da tarde. Trabalhou para o PSDB, durante a administra\u00e7\u00e3o de Fernando Henrique Cardoso, e fincou ra\u00edzes no PMDB ao comandar a secretaria de Fazenda do Rio de Janeiro. <\/p>\n<p>Os pr\u00f3ximos passo do ministro da Fazenda v\u00e3o mostrar suas reais inten\u00e7\u00f5es. Sobretudo quando 2017 chegar. L\u00e1, acredita ele, o Brasil estar\u00e1 redondinho, crescendo a uma taxa superior a 2%, com infla\u00e7\u00e3o pr\u00f3ximo do centro da meta, de 4,5%, e contas p\u00fablicas ajustadas. Levy ser\u00e1 apontado como o salvador da P\u00e1tria, t\u00edtulo que cabe muito bem numa campanha eleitoral. <\/p>\n<p>Troca na chefia de gabinete <\/p>\n<p>\u00bb Joaquim Levy vai mudar a chefia de gabinete do Minist\u00e9rio da Fazenda. Mirian Mara Miranda ser\u00e1 substitu\u00edda por Luiz Carlos de Almeida Capella. <\/p>\n<p>Corte nos juros <\/p>\n<p>\u00bb Enquanto a grande maioria dos analistas est\u00e1 focada na pr\u00f3xima reuni\u00e3o do Comit\u00ea de Pol\u00edtica Monet\u00e1ria (Copom), no fim de abril, quando a taxa b\u00e1sica (Selic) dever\u00e1 subir de 12,75% para 13% ao ano, um grupo de especialistas j\u00e1 come\u00e7a a mapear quando o Banco Central come\u00e7ar\u00e1 a cortar os juros. <\/p>\n<p>Susto com a atividade <\/p>\n<p>\u00bb Para Ivo Chermont, economista-chefe da Itaim Asset, todas as surpresas negativas que o Copom poderia ter com a infla\u00e7\u00e3o j\u00e1 teve no primeiro trimestre. Ou seja, a tend\u00eancia \u00e9 de que, mesmo que lentamente, o custo de vida comece a ceder em dire\u00e7\u00e3o ao centro da meta, de 4,5%. A partir de agora, o pior vir\u00e1 do n\u00edvel da atividade. <\/p>\n<p>Novembro na mira <\/p>\n<p>\u00bb Ivo Chermont acredita que, com a economia afundando e a infla\u00e7\u00e3o cedendo, \u00e9 poss\u00edvel que o debate sobre corte dos juros comece a ganhar corpo a partir de setembro, com o Copom dando in\u00edcio \u00e0 derrubada da Selic na \u00faltima reuni\u00e3o do ano, no fim de novembro. O BC s\u00f3 n\u00e3o reduzir\u00e1 a Selic antes por quest\u00e3o de credibilidade. <\/p>\n<p>Petrobras sobe 50% <\/p>\n<p>\u00bb Quem comprou a\u00e7\u00f5es da Petrobras no dia em que as cota\u00e7\u00f5es chegaram ao menor n\u00edvel, R$ 8,18, em 30 de janeiro, acumula ganho de 50%, informa o economista-chefe da TOV Corretora, Pedro Paulo Silveira. Nesse per\u00edodo, a empresa ganhou R$ 40 bilh\u00f5es em valor de mercado. <\/p>\n<p>Bras\u00edlia, 15h40min   <\/p>\n","protected":false},"excerpt":{"rendered":"<p>H\u00e1 quase quatro meses no comando do Minist\u00e9rio da Fazenda, Joaquim Levy tem mostrado desenvoltura pol\u00edtica impressionante para quem foi apresentado como um t\u00e9cnico t\u00edmido e compenetrado, n\u00e3o muito afeito aos salamaleques da Corte que habita Bras\u00edlia. A forma como vem transitando dentro do governo e no Congresso Nacional tem chamado a aten\u00e7\u00e3o de parlamentares [&hellip;]<\/p>\n","protected":false},"author":22,"featured_media":0,"comment_status":"open","ping_status":"open","sticky":false,"template":"","format":"standard","meta":{"wpb_read_more":[],"footnotes":""},"categories":[1],"tags":[],"class_list":["post-88","post","type-post","status-publish","format-standard","hentry","category-sem-categoria"],"_links":{"self":[{"href":"https:\/\/blogs2.correiobraziliense.com.br\/vicente\/wp-json\/wp\/v2\/posts\/88","targetHints":{"allow":["GET"]}}],"collection":[{"href":"https:\/\/blogs2.correiobraziliense.com.br\/vicente\/wp-json\/wp\/v2\/posts"}],"about":[{"href":"https:\/\/blogs2.correiobraziliense.com.br\/vicente\/wp-json\/wp\/v2\/types\/post"}],"author":[{"embeddable":true,"href":"https:\/\/blogs2.correiobraziliense.com.br\/vicente\/wp-json\/wp\/v2\/users\/22"}],"replies":[{"embeddable":true,"href":"https:\/\/blogs2.correiobraziliense.com.br\/vicente\/wp-json\/wp\/v2\/comments?post=88"}],"version-history":[{"count":0,"href":"https:\/\/blogs2.correiobraziliense.com.br\/vicente\/wp-json\/wp\/v2\/posts\/88\/revisions"}],"wp:attachment":[{"href":"https:\/\/blogs2.correiobraziliense.com.br\/vicente\/wp-json\/wp\/v2\/media?parent=88"}],"wp:term":[{"taxonomy":"category","embeddable":true,"href":"https:\/\/blogs2.correiobraziliense.com.br\/vicente\/wp-json\/wp\/v2\/categories?post=88"},{"taxonomy":"post_tag","embeddable":true,"href":"https:\/\/blogs2.correiobraziliense.com.br\/vicente\/wp-json\/wp\/v2\/tags?post=88"}],"curies":[{"name":"wp","href":"https:\/\/api.w.org\/{rel}","templated":true}]}}