{"id":881,"date":"2016-05-04T19:11:20","date_gmt":"2016-05-04T22:11:20","guid":{"rendered":"https:\/\/blogs2.correiobraziliense.com.br\/vicente\/?p=881"},"modified":"2016-05-04T19:11:20","modified_gmt":"2016-05-04T22:11:20","slug":"cotados-para-o-bc-exigem-forum-privilegiado","status":"publish","type":"post","link":"https:\/\/blogs2.correiobraziliense.com.br\/vicente\/cotados-para-o-bc-exigem-forum-privilegiado\/","title":{"rendered":"COTADOS PARA O BC EXIGEM F\u00d3RUM PRIVILEGIADO"},"content":{"rendered":"<p>ANTONIO TEM\u00d3TEO<\/p>\n<p>&nbsp;<\/p>\n<p>Os economistas cotados para assumir o Banco Central (BC) em um eventual governo de Michel Temer n\u00e3o aceitar\u00e3o o posto se o presidente da autoridade monet\u00e1ria perder o status de ministro. Os avisos j\u00e1 foram repassados a interlocutores do vice-presidente da Rep\u00fablica. O status de minist\u00e9rio garante foro privilegiado no Supremo Tribunal Federal (STF).<\/p>\n<p>&nbsp;<\/p>\n<p>Especula\u00e7\u00f5es de que o chefe do BC perderia o benef\u00edcio deixaram os quatro candidatos \u00e0 sucess\u00e3o de Alexandre Tombini muito preocupados. Os nomes mais fortes para o BC de Temer s\u00e3o M\u00e1rio Mesquita, s\u00f3cio do Banco Brasil Plural, que j\u00e1 teria sido convidado oficialmente por Henrique Meirelles (futuro ministro da Fazenda) para o cargo, Ilan Goldfajn, do Ita\u00fa Unibanco, Carlos Kawall, do Banco Safra, e Afonso Bevilaqua, do Opportunity. Temer, por\u00e9m, far\u00e1 andar o projeto da independ\u00eancia formal do BC, que agrada aos quatro economistas.<\/p>\n<p>&nbsp;<\/p>\n<p>Sem status de ministro, o presidente do BC pode ser processado na Justi\u00e7a comum. O chefe da autoridade monet\u00e1ria ganhou a prerrogativa de ser julgado exclusivamente pelo STF em agosto de 2004, durante a gest\u00e3o de Meirelles. Em abril daquele ano, procuradores do Minist\u00e9rio P\u00fablico Federal (MPF) come\u00e7aram uma investiga\u00e7\u00e3o por sonega\u00e7\u00e3o, omiss\u00e3o fiscal e evas\u00e3o de divisas contra Meirelles e o ent\u00e3o diretor de pol\u00edtica monet\u00e1ria, Luiz Augusto de Oliveira Candiota.<\/p>\n<p>&nbsp;<\/p>\n<p>Dias ap\u00f3s a den\u00fancia, Candiota pediu demiss\u00e3o sob forte press\u00e3o da fam\u00edlia e de servidores da autarquia. Somente em agosto daquele ano, o ent\u00e3o presidente Lula e o ministro da Fazenda \u00e0 \u00e9poca, Antonio Palocci, editaram uma medida provis\u00f3ria dando a Meirelles o status de ministro.<\/p>\n<p>&nbsp;<\/p>\n<p>Meirelles condicionou sua ida para o governo Temer \u00e0 escolha do presidente do BC. A interlocutores, ele diz que deve manter Tombini no comando da institui\u00e7\u00e3o at\u00e9 que a Comiss\u00e3o de Assuntos Econ\u00f4micos (CAE) do Senado aprove os futuros nomes para o banco.<\/p>\n<p>&nbsp;<\/p>\n<p>A retirada do status de ministro do BC esteve, recentemente, em discuss\u00e3o quando a presidente Dilma Rousseff anunciou uma reforma administrativa. Sem disposi\u00e7\u00e3o de extinguir pastas, para n\u00e3o desagradar aliados pol\u00edticos, ela cogitou a possibilidade de retirar o foro privilegiado do condutor da autoridade monet\u00e1ria. A medida foi apoiada pelo ministro da Fazenda, Nalson Barbosa, mas n\u00e3o foi colocada em pr\u00e1tica porque Tombini amea\u00e7ou deixar o posto.<\/p>\n<p>&nbsp;<\/p>\n<p><em>Bras\u00edlia, 19h11min<\/em><\/p>\n","protected":false},"excerpt":{"rendered":"<p>ANTONIO TEM\u00d3TEO &nbsp; Os economistas cotados para assumir o Banco Central (BC) em um eventual governo de Michel Temer n\u00e3o aceitar\u00e3o o posto se o presidente da autoridade monet\u00e1ria perder o status de ministro. Os avisos j\u00e1 foram repassados a interlocutores do vice-presidente da Rep\u00fablica. O status de minist\u00e9rio garante foro privilegiado no Supremo Tribunal [&hellip;]<\/p>\n","protected":false},"author":22,"featured_media":0,"comment_status":"open","ping_status":"closed","sticky":false,"template":"","format":"standard","meta":{"wpb_read_more":[],"footnotes":""},"categories":[1],"tags":[],"class_list":["post-881","post","type-post","status-publish","format-standard","hentry","category-sem-categoria"],"_links":{"self":[{"href":"https:\/\/blogs2.correiobraziliense.com.br\/vicente\/wp-json\/wp\/v2\/posts\/881","targetHints":{"allow":["GET"]}}],"collection":[{"href":"https:\/\/blogs2.correiobraziliense.com.br\/vicente\/wp-json\/wp\/v2\/posts"}],"about":[{"href":"https:\/\/blogs2.correiobraziliense.com.br\/vicente\/wp-json\/wp\/v2\/types\/post"}],"author":[{"embeddable":true,"href":"https:\/\/blogs2.correiobraziliense.com.br\/vicente\/wp-json\/wp\/v2\/users\/22"}],"replies":[{"embeddable":true,"href":"https:\/\/blogs2.correiobraziliense.com.br\/vicente\/wp-json\/wp\/v2\/comments?post=881"}],"version-history":[{"count":1,"href":"https:\/\/blogs2.correiobraziliense.com.br\/vicente\/wp-json\/wp\/v2\/posts\/881\/revisions"}],"predecessor-version":[{"id":882,"href":"https:\/\/blogs2.correiobraziliense.com.br\/vicente\/wp-json\/wp\/v2\/posts\/881\/revisions\/882"}],"wp:attachment":[{"href":"https:\/\/blogs2.correiobraziliense.com.br\/vicente\/wp-json\/wp\/v2\/media?parent=881"}],"wp:term":[{"taxonomy":"category","embeddable":true,"href":"https:\/\/blogs2.correiobraziliense.com.br\/vicente\/wp-json\/wp\/v2\/categories?post=881"},{"taxonomy":"post_tag","embeddable":true,"href":"https:\/\/blogs2.correiobraziliense.com.br\/vicente\/wp-json\/wp\/v2\/tags?post=881"}],"curies":[{"name":"wp","href":"https:\/\/api.w.org\/{rel}","templated":true}]}}