{"id":883,"date":"2016-05-04T23:38:52","date_gmt":"2016-05-05T02:38:52","guid":{"rendered":"https:\/\/blogs2.correiobraziliense.com.br\/vicente\/?p=883"},"modified":"2016-05-04T23:38:52","modified_gmt":"2016-05-05T02:38:52","slug":"meirelles-deve-fechar-equipe-ate-amanha","status":"publish","type":"post","link":"https:\/\/blogs2.correiobraziliense.com.br\/vicente\/meirelles-deve-fechar-equipe-ate-amanha\/","title":{"rendered":"MEIRELLES DEVE FECHAR EQUIPE AT\u00c9 AMANH\u00c3"},"content":{"rendered":"<p>Escolhido por Michel Temer para comandar o Minist\u00e9rio da Fazenda, Henrique Meirelles deve fechar amanh\u00e3, no m\u00e1ximo sexta-feira, os nomes para compor sua equipe caso o processo de impeachment da presidente Dilma Rousseff seja aceito pelo Senado. A principal miss\u00e3o \u00e9 definir o ocupante da presid\u00eancia do Banco Central.<\/p>\n<p>&nbsp;<\/p>\n<p>A primeira op\u00e7\u00e3o de Meirelles \u00e9 o economista M\u00e1rio Mesquita, que ocupou a diretoria de Pol\u00edtica Econ\u00f4mica do BC quando o futuro ministro ocupava a presid\u00eancia da institui\u00e7\u00e3o. O convite formal a Mesquita foi feito nesta quarta-feira, mas tudo indica que o economista dever\u00e1 recus\u00e1-lo por quest\u00f5es pessoais. A fam\u00edlia de Mesquita n\u00e3o \u00e9 favor\u00e1vel a que ele se mude para Bras\u00edlia e ele se ressente de largar o Banco Brasil Plural, do qual \u00e9 s\u00f3cio.<\/p>\n<p>&nbsp;<\/p>\n<p>Caso Mesquita realmente recuse o convite de Meirelles, as op\u00e7\u00f5es seriam Ilan Goldfajn, economista-chefe do Ita\u00fa Unibanco, e Afonso Bevil\u00e1qua, economista-chefe do Banco Opportunity. Ambos comandaram a diretoria de Pol\u00edtica Econ\u00f4mica do BC. Meirelles se diz satisfeito com a rea\u00e7\u00e3o do mercado aos tr\u00eas nomes, o que lhe d\u00e1 tranquilidade para escolher os demais auxiliares.<\/p>\n<p>&nbsp;<\/p>\n<p>Com o nome para o BC praticamente definido, Meirelles bater\u00e1 o martelo em rela\u00e7\u00e3o ao escolhido para o Tesouro Nacional. O cargo \u00e9 estrat\u00e9gico para indicar aos investidores qual o real compromisso de um eventual governo Temer com o ajuste fiscal. Todos os nomes ser\u00e3o submetidos ao vice-presidente.<\/p>\n<p>&nbsp;<\/p>\n<p>Bras\u00edlia, 23h34min<\/p>\n","protected":false},"excerpt":{"rendered":"<p>Escolhido por Michel Temer para comandar o Minist\u00e9rio da Fazenda, Henrique Meirelles deve fechar amanh\u00e3, no m\u00e1ximo sexta-feira, os nomes para compor sua equipe caso o processo de impeachment da presidente Dilma Rousseff seja aceito pelo Senado. A principal miss\u00e3o \u00e9 definir o ocupante da presid\u00eancia do Banco Central. &nbsp; A primeira op\u00e7\u00e3o de Meirelles [&hellip;]<\/p>\n","protected":false},"author":22,"featured_media":0,"comment_status":"open","ping_status":"closed","sticky":false,"template":"","format":"standard","meta":{"wpb_read_more":[],"footnotes":""},"categories":[1],"tags":[],"class_list":["post-883","post","type-post","status-publish","format-standard","hentry","category-sem-categoria"],"_links":{"self":[{"href":"https:\/\/blogs2.correiobraziliense.com.br\/vicente\/wp-json\/wp\/v2\/posts\/883","targetHints":{"allow":["GET"]}}],"collection":[{"href":"https:\/\/blogs2.correiobraziliense.com.br\/vicente\/wp-json\/wp\/v2\/posts"}],"about":[{"href":"https:\/\/blogs2.correiobraziliense.com.br\/vicente\/wp-json\/wp\/v2\/types\/post"}],"author":[{"embeddable":true,"href":"https:\/\/blogs2.correiobraziliense.com.br\/vicente\/wp-json\/wp\/v2\/users\/22"}],"replies":[{"embeddable":true,"href":"https:\/\/blogs2.correiobraziliense.com.br\/vicente\/wp-json\/wp\/v2\/comments?post=883"}],"version-history":[{"count":1,"href":"https:\/\/blogs2.correiobraziliense.com.br\/vicente\/wp-json\/wp\/v2\/posts\/883\/revisions"}],"predecessor-version":[{"id":884,"href":"https:\/\/blogs2.correiobraziliense.com.br\/vicente\/wp-json\/wp\/v2\/posts\/883\/revisions\/884"}],"wp:attachment":[{"href":"https:\/\/blogs2.correiobraziliense.com.br\/vicente\/wp-json\/wp\/v2\/media?parent=883"}],"wp:term":[{"taxonomy":"category","embeddable":true,"href":"https:\/\/blogs2.correiobraziliense.com.br\/vicente\/wp-json\/wp\/v2\/categories?post=883"},{"taxonomy":"post_tag","embeddable":true,"href":"https:\/\/blogs2.correiobraziliense.com.br\/vicente\/wp-json\/wp\/v2\/tags?post=883"}],"curies":[{"name":"wp","href":"https:\/\/api.w.org\/{rel}","templated":true}]}}