{"id":8833,"date":"2018-07-30T18:32:19","date_gmt":"2018-07-30T21:32:19","guid":{"rendered":"https:\/\/blogs2.correiobraziliense.com.br\/vicente\/?p=8833"},"modified":"2018-07-30T19:39:21","modified_gmt":"2018-07-30T22:39:21","slug":"tesouro-diz-que-eleicoes-vao-aumentar-rombo-nas-contas-publicas","status":"publish","type":"post","link":"https:\/\/blogs2.correiobraziliense.com.br\/vicente\/tesouro-diz-que-eleicoes-vao-aumentar-rombo-nas-contas-publicas\/","title":{"rendered":"Tesouro diz que elei\u00e7\u00f5es v\u00e3o aumentar rombo nas contas p\u00fablicas"},"content":{"rendered":"<h2>Ao fazer proje\u00e7\u00f5es para o deficit p\u00fablico no segundo semestre do ano, o Tesouro Nacional informou que o rombo ser\u00e1 pelo menos R$ 1,7 bilh\u00e3o mais por causa das elei\u00e7\u00f5es. Esse \u00e9 o gasto que a Uni\u00e3o ter\u00e1 que bancar para realizar os pleitos deste ano.<\/h2>\n<p>&nbsp;<\/p>\n<p>Pelos c\u00e1lculos do Tesouro, o buraco total previsto nas contas para o per\u00edodo de julho a dezembro deste ano ser\u00e1 de R$ 124,3 bilh\u00f5es, quase o dobro do observado no mesmo per\u00edodo do ano passado, de R$ 67,8 bilh\u00f5es, o que s\u00f3 confirma que as finan\u00e7as federais est\u00e3o longe da melhora.<\/p>\n<p>&nbsp;<\/p>\n<p><em>Bras\u00edlia, 18h32min<\/em><\/p>\n","protected":false},"excerpt":{"rendered":"<p>Ao fazer proje\u00e7\u00f5es para o deficit p\u00fablico no segundo semestre do ano, o Tesouro Nacional informou que o rombo ser\u00e1 pelo menos R$ 1,7 bilh\u00e3o mais por causa das elei\u00e7\u00f5es. Esse \u00e9 o gasto que a Uni\u00e3o ter\u00e1 que bancar para realizar os pleitos deste ano. &nbsp; Pelos c\u00e1lculos do Tesouro, o buraco total previsto [&hellip;]<\/p>\n","protected":false},"author":22,"featured_media":0,"comment_status":"open","ping_status":"closed","sticky":false,"template":"","format":"standard","meta":{"wpb_read_more":[],"footnotes":""},"categories":[600],"tags":[],"class_list":["post-8833","post","type-post","status-publish","format-standard","hentry","category-economia"],"_links":{"self":[{"href":"https:\/\/blogs2.correiobraziliense.com.br\/vicente\/wp-json\/wp\/v2\/posts\/8833","targetHints":{"allow":["GET"]}}],"collection":[{"href":"https:\/\/blogs2.correiobraziliense.com.br\/vicente\/wp-json\/wp\/v2\/posts"}],"about":[{"href":"https:\/\/blogs2.correiobraziliense.com.br\/vicente\/wp-json\/wp\/v2\/types\/post"}],"author":[{"embeddable":true,"href":"https:\/\/blogs2.correiobraziliense.com.br\/vicente\/wp-json\/wp\/v2\/users\/22"}],"replies":[{"embeddable":true,"href":"https:\/\/blogs2.correiobraziliense.com.br\/vicente\/wp-json\/wp\/v2\/comments?post=8833"}],"version-history":[{"count":1,"href":"https:\/\/blogs2.correiobraziliense.com.br\/vicente\/wp-json\/wp\/v2\/posts\/8833\/revisions"}],"predecessor-version":[{"id":8834,"href":"https:\/\/blogs2.correiobraziliense.com.br\/vicente\/wp-json\/wp\/v2\/posts\/8833\/revisions\/8834"}],"wp:attachment":[{"href":"https:\/\/blogs2.correiobraziliense.com.br\/vicente\/wp-json\/wp\/v2\/media?parent=8833"}],"wp:term":[{"taxonomy":"category","embeddable":true,"href":"https:\/\/blogs2.correiobraziliense.com.br\/vicente\/wp-json\/wp\/v2\/categories?post=8833"},{"taxonomy":"post_tag","embeddable":true,"href":"https:\/\/blogs2.correiobraziliense.com.br\/vicente\/wp-json\/wp\/v2\/tags?post=8833"}],"curies":[{"name":"wp","href":"https:\/\/api.w.org\/{rel}","templated":true}]}}