{"id":885,"date":"2016-05-05T07:22:11","date_gmt":"2016-05-05T10:22:11","guid":{"rendered":"https:\/\/blogs2.correiobraziliense.com.br\/vicente\/?p=885"},"modified":"2016-05-05T09:14:59","modified_gmt":"2016-05-05T12:14:59","slug":"supremo-nao-pode-falhar","status":"publish","type":"post","link":"https:\/\/blogs2.correiobraziliense.com.br\/vicente\/supremo-nao-pode-falhar\/","title":{"rendered":"ENFIM, SUPREMO D\u00c1 UMA RESPOSTA \u00c0 POPULA\u00c7\u00c3O"},"content":{"rendered":"<p>Finalmente, o Supremo Tribunal Federal (STF) decidiu afastar Eduardo Cunha do mandato e da Presid\u00eancia da C\u00e2mara dos Deputados. Diante de tantas den\u00fancias e provas de que o deputado se beneficiou de propina da corrup\u00e7\u00e3o, n\u00e3o havia mais como a maior Corte do pa\u00eds adiar tal decis\u00e3o. Foi preciso, por\u00e9m, que a Rede Sustentabilidade entrasse com uma a\u00e7\u00e3o de descumprimento de preceito fundamental (ADPF) para que os ministros colocassem o tema em vota\u00e7\u00e3o hoje. A popula\u00e7\u00e3o agradecer\u00e1. J\u00e1 passou da hora de Cunha n\u00e3o s\u00f3 ser afastado do comando da C\u00e2mara como ter o mandato cassado.<\/p>\n<p>&nbsp;<\/p>\n<p>Cunha \u00e9 quase uma unanimidade no pa\u00eds. Ele simboliza o que h\u00e1 de pior na pol\u00edtica. Os mais radicais contra o PT o defenderam durante a vota\u00e7\u00e3o do impeachment da presidente Dilma Rousseff na C\u00e2mara, alegando que o processo s\u00f3 andou por causa dele. \u00c9 inadmiss\u00edvel esse argumento. H\u00e1 motivos de sobra para que se discuta o afastamento da chefe do Executivo. Melhor seria, contudo, que todo o debate ocorresse com o deputado j\u00e1 afastado de suas fun\u00e7\u00f5es.<\/p>\n<p>&nbsp;<\/p>\n<p>O Brasil passa por um dolorido processo de limpeza \u00e9tica, que n\u00e3o combina com um parlamentar que tem contas no exterior abastecidas com dinheiro da corrup\u00e7\u00e3o. \u00c9 regozijante ver grandes empres\u00e1rios, banqueiros e pol\u00edticos do alto escal\u00e3o presos por terem saqueado os cofres p\u00fablicos. Mas sempre que nos deparamos com Eduardo Cunha transitando livremente e participando ativamente de um governo que pode ser empossado caso o impeachment seja aprovado pelo Senado, tudo fica menor. A sensa\u00e7\u00e3o \u00e9 de que a lei ainda n\u00e3o vale para todos.<\/p>\n<p>&nbsp;<\/p>\n<p>Com Cunha fora da Presid\u00eancia da C\u00e2mara e, se poss\u00edvel, com o mandato cassado rapidamente, o pa\u00eds ter\u00e1 a certeza de que a Justi\u00e7a n\u00e3o aceita mais desaforos. O STF n\u00e3o pode se curvar a uma pessoa que se acha acima do bem e do mal, invenc\u00edvel. Os tempos de hoje n\u00e3o comportam mais um pol\u00edtico como o peemedebista em cargo t\u00e3o estrat\u00e9gico. Se Dilma for afastada de suas fun\u00e7\u00f5es e o vice Michel Temer assumir, o substituto imediato seria o presidente da C\u00e2mara, um tapa na cara daqueles que acreditam que o Brasil est\u00e1 deixando de ser um pa\u00eds de privil\u00e9gios para poucos.<\/p>\n<p>&nbsp;<\/p>\n<p><b>Pol\u00edtica rasteira<\/b><\/p>\n<p>&nbsp;<\/p>\n<p>O afastamento de Cunha do mandato e da da Presid\u00eancia da C\u00e2mara pelo Supremo deve ser usado por Temer para n\u00e3o montar um minist\u00e9rio que corre o risco de j\u00e1 nascer podre. Para um governo que precisar\u00e1 contar com imensa credibilidade a fim de tirar a economia do atoleiro, contar com pessoas citadas na Opera\u00e7\u00e3o Lava-Jato em postos importantes ser\u00e1, no m\u00ednimo, inaceit\u00e1vel. De antem\u00e3o, a administra\u00e7\u00e3o do vice estar\u00e1 sob suspei\u00e7\u00e3o.<\/p>\n<p>&nbsp;<\/p>\n<p>N\u00e3o bastam apenas compet\u00eancia e apoio pol\u00edtico, \u00e9 preciso ter a ficha limpa para ocupar minist\u00e9rios, sobretudo agora, com a Pol\u00edcia Federal e o Minist\u00e9rio P\u00fablico mostrando que a lei vale para todos. Dilma pagou um pre\u00e7o alto por se cercar de pessoas suspeitas. Ao longo da gest\u00e3o dela, v\u00e1rios ministros ficaram no meio do caminho, abatidos por den\u00fancias de corrup\u00e7\u00e3o. Os malfeitos estavam t\u00e3o disseminados que tanto a presidente quanto o antecessor dela, Lula, est\u00e3o sendo acusados pela Procuradoria-Geral da Rep\u00fablica de tentarem obstruir a Justi\u00e7a para dificultar as investiga\u00e7\u00f5es da Lava-Jato.<\/p>\n<p>&nbsp;<\/p>\n<p>Temer j\u00e1 n\u00e3o tem uma boa imagem junto aos eleitores. Muitos o associam ao atraso, \u00e0 pol\u00edtica rasteira que sempre prevaleceu no Brasil. Para o eleitorado, sair\u00e1 a quadrilha comandada pelo PT e entrar\u00e1 a fac\u00e7\u00e3o liderada pelo PMDB. Ou seja, tudo continuar\u00e1 da mesma forma, s\u00f3 mudando os atores. Para se descolar dessa p\u00e9ssima reputa\u00e7\u00e3o, o vice deveria come\u00e7ar construindo uma administra\u00e7\u00e3o pautada pela \u00e9tica e pela compet\u00eancia t\u00e9cnica. Infelizmente, n\u00e3o ser\u00e1 assim. Ele j\u00e1 se rendeu ao fisiologismo, ao rateio dos cargos para obter apoio.<\/p>\n<p>&nbsp;<\/p>\n<p><b>Cara da descren\u00e7a<\/b><\/p>\n<p>&nbsp;<\/p>\n<p>A partir do afastamento de Dilma pelo Senado, continuaremos a ver um Estado inchado, ineficiente, longe de atender \u00e0s necessidades dos cidad\u00e3os que arcam com pesada carga tribut\u00e1ria. O ideal seria que Temer enxugasse a m\u00e1quina p\u00fablica para o tamanho que ela tinha at\u00e9 2002. Nos \u00faltimos 13 anos, o PT se encarregou de inchar o governo, de ampliar a participa\u00e7\u00e3o do Estado na economia. O resultado est\u00e1 a\u00ed: corrup\u00e7\u00e3o, descaso com a popula\u00e7\u00e3o, infla\u00e7\u00e3o alta, desemprego e contas p\u00fablicas em frangalhos. E, claro, uma presidente perto de perder o mandato.<\/p>\n<p>&nbsp;<\/p>\n<p>O governo Temer, apesar de apoiado pelos donos do dinheiro, j\u00e1 estampa a cara da descren\u00e7a. Tem tudo para repetir os erros do passado porque est\u00e1 temendo o novo, o rompimento com as velhas pr\u00e1ticas pol\u00edticas. A sorte do pa\u00eds \u00e9 que as institui\u00e7\u00f5es est\u00e3o vivas e atuantes e a Justi\u00e7a \u2014 pelo menos uma parte dela \u2014 est\u00e1 disposta a levar para tr\u00e1s das grades aqueles que ainda acreditam que o dinheiro p\u00fablico \u00e9 capim.<\/p>\n<p>&nbsp;<\/p>\n<p>Em defesa do vice, um de seus mais pr\u00f3ximos auxiliares diz que o maior compromisso dele com a boa gest\u00e3o dos recursos p\u00fablicos ser\u00e1 a nomea\u00e7\u00e3o de Henrique Meirelles para o Minist\u00e9rio da Fazenda. Ora, por mais poder que o futuro chefe da equipe econ\u00f4mica possa ter, nada impede que pr\u00e1ticas il\u00edcitas continuem prevalecendo na Esplanada. Em outras gest\u00f5es, j\u00e1 tivemos ministros poderosos. Nem por isso, a corrup\u00e7\u00e3o deixou de correr solta.<\/p>\n<p>&nbsp;<\/p>\n<p>Bras\u00edlia, 07h21min, atualizado \u00e0s 09h13min<\/p>\n","protected":false},"excerpt":{"rendered":"<p>Finalmente, o Supremo Tribunal Federal (STF) decidiu afastar Eduardo Cunha do mandato e da Presid\u00eancia da C\u00e2mara dos Deputados. Diante de tantas den\u00fancias e provas de que o deputado se beneficiou de propina da corrup\u00e7\u00e3o, n\u00e3o havia mais como a maior Corte do pa\u00eds adiar tal decis\u00e3o. Foi preciso, por\u00e9m, que a Rede Sustentabilidade entrasse [&hellip;]<\/p>\n","protected":false},"author":22,"featured_media":0,"comment_status":"open","ping_status":"closed","sticky":false,"template":"","format":"standard","meta":{"wpb_read_more":[],"footnotes":""},"categories":[1],"tags":[],"class_list":["post-885","post","type-post","status-publish","format-standard","hentry","category-sem-categoria"],"_links":{"self":[{"href":"https:\/\/blogs2.correiobraziliense.com.br\/vicente\/wp-json\/wp\/v2\/posts\/885","targetHints":{"allow":["GET"]}}],"collection":[{"href":"https:\/\/blogs2.correiobraziliense.com.br\/vicente\/wp-json\/wp\/v2\/posts"}],"about":[{"href":"https:\/\/blogs2.correiobraziliense.com.br\/vicente\/wp-json\/wp\/v2\/types\/post"}],"author":[{"embeddable":true,"href":"https:\/\/blogs2.correiobraziliense.com.br\/vicente\/wp-json\/wp\/v2\/users\/22"}],"replies":[{"embeddable":true,"href":"https:\/\/blogs2.correiobraziliense.com.br\/vicente\/wp-json\/wp\/v2\/comments?post=885"}],"version-history":[{"count":5,"href":"https:\/\/blogs2.correiobraziliense.com.br\/vicente\/wp-json\/wp\/v2\/posts\/885\/revisions"}],"predecessor-version":[{"id":890,"href":"https:\/\/blogs2.correiobraziliense.com.br\/vicente\/wp-json\/wp\/v2\/posts\/885\/revisions\/890"}],"wp:attachment":[{"href":"https:\/\/blogs2.correiobraziliense.com.br\/vicente\/wp-json\/wp\/v2\/media?parent=885"}],"wp:term":[{"taxonomy":"category","embeddable":true,"href":"https:\/\/blogs2.correiobraziliense.com.br\/vicente\/wp-json\/wp\/v2\/categories?post=885"},{"taxonomy":"post_tag","embeddable":true,"href":"https:\/\/blogs2.correiobraziliense.com.br\/vicente\/wp-json\/wp\/v2\/tags?post=885"}],"curies":[{"name":"wp","href":"https:\/\/api.w.org\/{rel}","templated":true}]}}