{"id":8863,"date":"2018-08-01T18:00:42","date_gmt":"2018-08-01T21:00:42","guid":{"rendered":"https:\/\/blogs2.correiobraziliense.com.br\/vicente\/?p=8863"},"modified":"2018-08-01T18:00:42","modified_gmt":"2018-08-01T21:00:42","slug":"banco-central-mantem-selic-inalterada-em-65-ao-ano","status":"publish","type":"post","link":"https:\/\/blogs2.correiobraziliense.com.br\/vicente\/banco-central-mantem-selic-inalterada-em-65-ao-ano\/","title":{"rendered":"Banco Central mant\u00e9m Selic inalterada em 6,5% ao ano"},"content":{"rendered":"<p>POR ANTONIO TEM\u00d3TEO<\/p>\n<p>&nbsp;<\/p>\n<p>Em decis\u00e3o un\u00e2nime, o Comit\u00ea de Pol\u00edtica Monet\u00e1ria (BC) manteve a taxa b\u00e1sica de juros (Selic) inalterada em 6,5% ao ano. A delibera\u00e7\u00e3o dos diretores do Banco Central (BC) era amplamente esperada pelo mercado e a tend\u00eancia \u00e9 de que a Selic permane\u00e7a nesse patamar, pelo menos, at\u00e9 o primeiro trimestre de 2019.<\/p>\n<p>&nbsp;<\/p>\n<p>Sem riscos inflacion\u00e1rios no curto prazo, a autoridade monet\u00e1ria ter\u00e1 tranquilidade para manter os juros em 6,5%. Mesmo que o d\u00f3lar aumente durante o processo eleitoral, a tend\u00eancia \u00e9 de que o impacto sobre os pre\u00e7os seja minimizado, diante da fraqueza da atividade econ\u00f4mica.<\/p>\n<p>&nbsp;<\/p>\n<p>Al\u00e9m disso, ap\u00f3s o impacto da greve dos caminhoneiros sobre o \u00cdndice de Pre\u00e7os ao Consumidor Amplo (IPCA), que levou a infla\u00e7\u00e3o a registrar alta de 1,26% em junho, o mercado j\u00e1 espera varia\u00e7\u00e3o de pre\u00e7os de 0,12% em julho e de 0,07% em agosto. H\u00e1 quem diga que existe risco de defla\u00e7\u00e3o no oitavo m\u00eas do ano.<\/p>\n<p>&nbsp;<\/p>\n<p>Dessa forma, a equipe de Ilan Goldfajn n\u00e3o ter\u00e1 grandes dificuldades nos pr\u00f3ximos meses na condu\u00e7\u00e3o da pol\u00edtica monet\u00e1ria. O maior risco \u00e9 de um candidato da esquerda ser eleito presidente, o que afetaria o pre\u00e7o dos ativos, sobretudo o do d\u00f3lar. Com isso, a moeda estrangeira seria cotada pr\u00f3ximo de R$ 5 e teria impactos significativos na infla\u00e7\u00e3o.<\/p>\n","protected":false},"excerpt":{"rendered":"<p>POR ANTONIO TEM\u00d3TEO &nbsp; Em decis\u00e3o un\u00e2nime, o Comit\u00ea de Pol\u00edtica Monet\u00e1ria (BC) manteve a taxa b\u00e1sica de juros (Selic) inalterada em 6,5% ao ano. A delibera\u00e7\u00e3o dos diretores do Banco Central (BC) era amplamente esperada pelo mercado e a tend\u00eancia \u00e9 de que a Selic permane\u00e7a nesse patamar, pelo menos, at\u00e9 o primeiro trimestre [&hellip;]<\/p>\n","protected":false},"author":22,"featured_media":0,"comment_status":"open","ping_status":"closed","sticky":false,"template":"","format":"standard","meta":{"wpb_read_more":[],"footnotes":""},"categories":[600],"tags":[3,106,4,34],"class_list":["post-8863","post","type-post","status-publish","format-standard","hentry","category-economia","tag-banco-central","tag-bc","tag-juros","tag-selic"],"_links":{"self":[{"href":"https:\/\/blogs2.correiobraziliense.com.br\/vicente\/wp-json\/wp\/v2\/posts\/8863","targetHints":{"allow":["GET"]}}],"collection":[{"href":"https:\/\/blogs2.correiobraziliense.com.br\/vicente\/wp-json\/wp\/v2\/posts"}],"about":[{"href":"https:\/\/blogs2.correiobraziliense.com.br\/vicente\/wp-json\/wp\/v2\/types\/post"}],"author":[{"embeddable":true,"href":"https:\/\/blogs2.correiobraziliense.com.br\/vicente\/wp-json\/wp\/v2\/users\/22"}],"replies":[{"embeddable":true,"href":"https:\/\/blogs2.correiobraziliense.com.br\/vicente\/wp-json\/wp\/v2\/comments?post=8863"}],"version-history":[{"count":1,"href":"https:\/\/blogs2.correiobraziliense.com.br\/vicente\/wp-json\/wp\/v2\/posts\/8863\/revisions"}],"predecessor-version":[{"id":8864,"href":"https:\/\/blogs2.correiobraziliense.com.br\/vicente\/wp-json\/wp\/v2\/posts\/8863\/revisions\/8864"}],"wp:attachment":[{"href":"https:\/\/blogs2.correiobraziliense.com.br\/vicente\/wp-json\/wp\/v2\/media?parent=8863"}],"wp:term":[{"taxonomy":"category","embeddable":true,"href":"https:\/\/blogs2.correiobraziliense.com.br\/vicente\/wp-json\/wp\/v2\/categories?post=8863"},{"taxonomy":"post_tag","embeddable":true,"href":"https:\/\/blogs2.correiobraziliense.com.br\/vicente\/wp-json\/wp\/v2\/tags?post=8863"}],"curies":[{"name":"wp","href":"https:\/\/api.w.org\/{rel}","templated":true}]}}