{"id":8869,"date":"2018-08-03T14:17:16","date_gmt":"2018-08-03T17:17:16","guid":{"rendered":"https:\/\/blogs2.correiobraziliense.com.br\/vicente\/?p=8869"},"modified":"2018-08-03T16:38:54","modified_gmt":"2018-08-03T19:38:54","slug":"para-temer-presidente-da-capes-desmoralizou-ministro-da-educacao","status":"publish","type":"post","link":"https:\/\/blogs2.correiobraziliense.com.br\/vicente\/para-temer-presidente-da-capes-desmoralizou-ministro-da-educacao\/","title":{"rendered":"Para Temer, presidente da Capes &#8220;desmoralizou&#8221; ministro da Educa\u00e7\u00e3o"},"content":{"rendered":"<h2>O clima pesou no governo. O presidente Michel Temer considerou inadmiss\u00edvel a divulga\u00e7\u00e3o de uma carta pelo presidente da Coordena\u00e7\u00e3o de Aperfei\u00e7oamento de Pessoal de N\u00edvel Superior (Capes), Ab\u00edlio Baeta Neves, denunciando o corte de verbas da institui\u00e7\u00e3o, sem combinar o jogo com o ministro da Educa\u00e7\u00e3o, Rossieli Soares da Silva. Para Temer, Baeta Neves &#8220;desmoralizou&#8221; o ministro.<\/h2>\n<p>&nbsp;<\/p>\n<p>Ao longo da manh\u00e3 desta sexta-feira (03\/08), Temer conversou duas vezes por telefone com o ministro da Educa\u00e7\u00e3o. E cobrou provid\u00eancias. Nesta tarde, Rossieli se encontra com o ministro do Planejamento, Esteves Colnago, para tentar afinarem o discurso e negarem a possibilidade de o governo suspender o pagamento de quase 200 mil bolsas de estudos e pesquisas no pa\u00eds e no exterior a partir de 2019.<\/p>\n<p>&nbsp;<\/p>\n<p>Entre o discurso e a pr\u00e1tica, no entanto, haver\u00e1 muita diferen\u00e7a. Tanto Rossieli quanto Colnago v\u00e3o dizer que o pagamento das bolsas de estudos est\u00e1 assegurado, mas eles sabem que n\u00e3o haver\u00e1 recursos suficiente para isso. A verdade \u00e9 que Baeta Neves botou o dedo na ferida. E n\u00e3o \u00e9 de hoje que ele denuncia o corte de verbas na Capes. H\u00e1 duas semanas, <a href=\"https:\/\/blogs2.correiobraziliense.com.br\/vicente\/capes-pode-suspender-ajuda-de-custo-estudantes-se-nao-receber-mais-r-300-milhoes\/\">em entrevista ao programa <strong>CB.Poder<\/strong><\/a>, uma parceria entre o <strong>Correio Braziliense<\/strong> e a <em>Tev\u00ea Bras\u00edlia,\u00a0<\/em>o professor afirmou que a situa\u00e7\u00e3o da Capes \u00e9 dram\u00e1tica.<\/p>\n<p>&nbsp;<\/p>\n<p>Segundo Baeta Neves, se a institui\u00e7\u00e3o n\u00e3o receber mais R$ 300 milh\u00f5es at\u00e9 o fim deste ano, ter\u00e1 que cortar o pagamento de ajuda de custo aos estudantes. Nos bons tempos, a ajuda de custo chegou a representar 20% do valor da bolsa. Agora, a rela\u00e7\u00e3o \u00e9 de 8%. Ou seja, como diz o presidente da Capes, 2019 ser\u00e1 dram\u00e1tico, por causa dos limites impostos pelo teto de gastos, mas h\u00e1 um problema emergencial para o qual n\u00e3o se pode fechar os olhos.<\/p>\n<p>&nbsp;<\/p>\n<p>O or\u00e7amento previsto para Capes neste ano \u00e9 de R$ 3,9 bilh\u00f5es. Para o pr\u00f3ximo ano, conforme a Lei de Diretrizes Or\u00e7ament\u00e1rias (LDO), as verbas previstas para a institui\u00e7\u00e3o \u00e9 de R$ 3,3 bilh\u00f5es.<\/p>\n<p>&nbsp;<\/p>\n<p><em>Bras\u00edlia, 14h17min<\/em><\/p>\n","protected":false},"excerpt":{"rendered":"<p>O clima pesou no governo. O presidente Michel Temer considerou inadmiss\u00edvel a divulga\u00e7\u00e3o de uma carta pelo presidente da Coordena\u00e7\u00e3o de Aperfei\u00e7oamento de Pessoal de N\u00edvel Superior (Capes), Ab\u00edlio Baeta Neves, denunciando o corte de verbas da institui\u00e7\u00e3o, sem combinar o jogo com o ministro da Educa\u00e7\u00e3o, Rossieli Soares da Silva. Para Temer, Baeta Neves [&hellip;]<\/p>\n","protected":false},"author":22,"featured_media":0,"comment_status":"open","ping_status":"closed","sticky":false,"template":"","format":"standard","meta":{"wpb_read_more":[],"footnotes":""},"categories":[600],"tags":[3559,3261,3568],"class_list":["post-8869","post","type-post","status-publish","format-standard","hentry","category-economia","tag-abilio-baeta-neves","tag-capes","tag-corte-de-verba"],"_links":{"self":[{"href":"https:\/\/blogs2.correiobraziliense.com.br\/vicente\/wp-json\/wp\/v2\/posts\/8869","targetHints":{"allow":["GET"]}}],"collection":[{"href":"https:\/\/blogs2.correiobraziliense.com.br\/vicente\/wp-json\/wp\/v2\/posts"}],"about":[{"href":"https:\/\/blogs2.correiobraziliense.com.br\/vicente\/wp-json\/wp\/v2\/types\/post"}],"author":[{"embeddable":true,"href":"https:\/\/blogs2.correiobraziliense.com.br\/vicente\/wp-json\/wp\/v2\/users\/22"}],"replies":[{"embeddable":true,"href":"https:\/\/blogs2.correiobraziliense.com.br\/vicente\/wp-json\/wp\/v2\/comments?post=8869"}],"version-history":[{"count":6,"href":"https:\/\/blogs2.correiobraziliense.com.br\/vicente\/wp-json\/wp\/v2\/posts\/8869\/revisions"}],"predecessor-version":[{"id":8875,"href":"https:\/\/blogs2.correiobraziliense.com.br\/vicente\/wp-json\/wp\/v2\/posts\/8869\/revisions\/8875"}],"wp:attachment":[{"href":"https:\/\/blogs2.correiobraziliense.com.br\/vicente\/wp-json\/wp\/v2\/media?parent=8869"}],"wp:term":[{"taxonomy":"category","embeddable":true,"href":"https:\/\/blogs2.correiobraziliense.com.br\/vicente\/wp-json\/wp\/v2\/categories?post=8869"},{"taxonomy":"post_tag","embeddable":true,"href":"https:\/\/blogs2.correiobraziliense.com.br\/vicente\/wp-json\/wp\/v2\/tags?post=8869"}],"curies":[{"name":"wp","href":"https:\/\/api.w.org\/{rel}","templated":true}]}}