{"id":8876,"date":"2018-08-03T17:15:53","date_gmt":"2018-08-03T20:15:53","guid":{"rendered":"https:\/\/blogs2.correiobraziliense.com.br\/vicente\/?p=8876"},"modified":"2018-08-03T17:44:34","modified_gmt":"2018-08-03T20:44:34","slug":"dolar-cai-para-r-3707-e-puxada-por-petrobras-bolsa-dispara","status":"publish","type":"post","link":"https:\/\/blogs2.correiobraziliense.com.br\/vicente\/dolar-cai-para-r-3707-e-puxada-por-petrobras-bolsa-dispara\/","title":{"rendered":"D\u00f3lar cai para R$ 3,707 e, puxada por Petrobras, Bolsa dispara"},"content":{"rendered":"<h2>A sexta-feira (03\/08) foi de boas not\u00edcias no mercado financeiro. Nos Estados Unidos, os dados do mercado de trabalho vieram mais fracos do que o esperado, refor\u00e7ando a expectativa de que os juros na maior economia do planeta ter\u00e3o alta gradual, preservando os pa\u00edses emergentes, como o Brasil. Por aqui, a escolha da senadora Ana Am\u00e9lia (PP-RS) como vice da chapa presidencial liderada por Geraldo Alckmin (PSDB) animou os investidores, por ela refor\u00e7ar o tucano na Regi\u00e3o Sul do pa\u00eds e por atrair grupos conservadores, como o do agroneg\u00f3cio, que estavam se bandeando para o lado de Jair Bolsonaro (PSL). Al\u00e9m disso, houve o excelente resultado da Petrobras, que lucrou R$ 10 bilh\u00f5es no segundo trimestre do ano.<\/h2>\n<p>&nbsp;<\/p>\n<p>Com isso, o d\u00f3lar encerrou as negocia\u00e7\u00f5es cotado a R$ 3,707 para venda, com queda de 1,38%, um al\u00edvio para o Banco Central. Havia a expectativa entre os analistas de que, confirmadas as chapas presidenciais, a moeda norte-americana subiria refletindo o nervosismo dos investidores. Mas, com as alian\u00e7as fechadas por Geraldo Alckmin com o Centr\u00e3o, o que lhe garantiu o maior tempo de televis\u00e3o entre todos os candidatos ao Pal\u00e1cio do Planalto, os donos do dinheiro passaram a acreditar na possibilidade de o tucano chegar ao segundo turno e, possivelmente, vencer as elei\u00e7\u00f5es. Alckmin \u00e9 visto como um defensor de reformas fiscais importantes, a come\u00e7ar pela da Previd\u00eancia Social.<\/p>\n<p>&nbsp;<\/p>\n<p>Na Bolsa de Valores, al\u00e9m da cena internacional mais tranquila e de o quadro eleitoral estar soprando a favor de Alckmin, pesou a for\u00e7a das a\u00e7\u00f5es da Petrobras, com alta superior a 4%. O Ibovespa, \u00edndice que mede a varia\u00e7\u00e3o das a\u00e7\u00f5es mais negociadas no preg\u00e3o paulista, subiu 2,26%, a maior valoriza\u00e7\u00e3o di\u00e1ria em quase seis meses. O indicador bateu nos 81.435 pontos, o n\u00edvel mais alto desde 22 de maio \u00faltimo. Os analistas, no entanto, recomendam cautela. Como ainda h\u00e1 muito ch\u00e3o a ser percorrido at\u00e9 \u00e0s elei\u00e7\u00f5es, todo cuidado \u00e9 pouco na hora de investir no mercado de acion\u00e1rio. A dica \u00e9 sempre procurar o profissional respeitado de mercado.<\/p>\n<p>&nbsp;<\/p>\n<p><em>Bras\u00edlia, 17h15min<\/em><\/p>\n","protected":false},"excerpt":{"rendered":"<p>A sexta-feira (03\/08) foi de boas not\u00edcias no mercado financeiro. Nos Estados Unidos, os dados do mercado de trabalho vieram mais fracos do que o esperado, refor\u00e7ando a expectativa de que os juros na maior economia do planeta ter\u00e3o alta gradual, preservando os pa\u00edses emergentes, como o Brasil. Por aqui, a escolha da senadora Ana [&hellip;]<\/p>\n","protected":false},"author":22,"featured_media":0,"comment_status":"open","ping_status":"closed","sticky":false,"template":"","format":"standard","meta":{"wpb_read_more":[],"footnotes":""},"categories":[600],"tags":[3569,991,343,665,1585,228],"class_list":["post-8876","post","type-post","status-publish","format-standard","hentry","category-economia","tag-ana-amelia","tag-bolsa-de-valores","tag-dolar","tag-eleicoes","tag-geraldo-alckmin","tag-petrobras"],"_links":{"self":[{"href":"https:\/\/blogs2.correiobraziliense.com.br\/vicente\/wp-json\/wp\/v2\/posts\/8876","targetHints":{"allow":["GET"]}}],"collection":[{"href":"https:\/\/blogs2.correiobraziliense.com.br\/vicente\/wp-json\/wp\/v2\/posts"}],"about":[{"href":"https:\/\/blogs2.correiobraziliense.com.br\/vicente\/wp-json\/wp\/v2\/types\/post"}],"author":[{"embeddable":true,"href":"https:\/\/blogs2.correiobraziliense.com.br\/vicente\/wp-json\/wp\/v2\/users\/22"}],"replies":[{"embeddable":true,"href":"https:\/\/blogs2.correiobraziliense.com.br\/vicente\/wp-json\/wp\/v2\/comments?post=8876"}],"version-history":[{"count":3,"href":"https:\/\/blogs2.correiobraziliense.com.br\/vicente\/wp-json\/wp\/v2\/posts\/8876\/revisions"}],"predecessor-version":[{"id":8879,"href":"https:\/\/blogs2.correiobraziliense.com.br\/vicente\/wp-json\/wp\/v2\/posts\/8876\/revisions\/8879"}],"wp:attachment":[{"href":"https:\/\/blogs2.correiobraziliense.com.br\/vicente\/wp-json\/wp\/v2\/media?parent=8876"}],"wp:term":[{"taxonomy":"category","embeddable":true,"href":"https:\/\/blogs2.correiobraziliense.com.br\/vicente\/wp-json\/wp\/v2\/categories?post=8876"},{"taxonomy":"post_tag","embeddable":true,"href":"https:\/\/blogs2.correiobraziliense.com.br\/vicente\/wp-json\/wp\/v2\/tags?post=8876"}],"curies":[{"name":"wp","href":"https:\/\/api.w.org\/{rel}","templated":true}]}}