{"id":8880,"date":"2018-08-03T20:39:27","date_gmt":"2018-08-03T23:39:27","guid":{"rendered":"https:\/\/blogs2.correiobraziliense.com.br\/vicente\/?p=8880"},"modified":"2018-08-03T22:03:00","modified_gmt":"2018-08-04T01:03:00","slug":"guerra-de-acusacoes-entre-servidores-do-tcu-da-agu-e-da-cgu-pode-parar-na-justica","status":"publish","type":"post","link":"https:\/\/blogs2.correiobraziliense.com.br\/vicente\/guerra-de-acusacoes-entre-servidores-do-tcu-da-agu-e-da-cgu-pode-parar-na-justica\/","title":{"rendered":"Guerra de acusa\u00e7\u00f5es entre servidores do TCU, da AGU e da CGU pode parar na Justi\u00e7a"},"content":{"rendered":"<h2>Uma batalha judicial est\u00e1 prestes a movimentar tr\u00eas entidades que representam o funcionalismo p\u00fablico. De um lado est\u00e1 a Associa\u00e7\u00e3o Nacional dos Auditores de Controle Externo do Brasil (ANTC), que representa os auditores do Tribunal de Contas da Uni\u00e3o (TCU). De outro, a Associa\u00e7\u00e3o Nacional dos Advogados da Uni\u00e3o (Anauni) e o Sindicato Nacional dos Auditores e T\u00e9cnicos Federais de Finan\u00e7as e Controle (Unacon Sindical). Motivo da disputa: o acordo de leni\u00eancia fechado com a Odebrecht pela Advocacia-Geral da Uni\u00e3o (AGU) e o Minist\u00e9rio da Transpar\u00eancia (CGU).<\/h2>\n<p>&nbsp;<\/p>\n<p>Para os auditores representados pela ANTC, foi um equ\u00edvoco a AGU e a CGU terem fechado, em julho, o acordo de R$ 2,7 bilh\u00f5es com a construtora que comandou o esquema de corrup\u00e7\u00e3o na Petrobras sem submet\u00ea-lo ao TCU. A pol\u00eamica se estendeu por v\u00e1rios dias, at\u00e9 que os ministro do Tribunal de Contas acabaram dando aval \u00e0 negocia\u00e7\u00e3o, mesmo diante dos protestos dos t\u00e9cnicos. \u00c0 \u00e9poca, a ANTC divulgou uma nota assinada pela diretora da institui\u00e7\u00e3o Lucieni Pereira disparando cr\u00edticas ao acordo de leni\u00eancia, <a href=\"https:\/\/blogs2.correiobraziliense.com.br\/vicente\/auditores-do-tcu-partem-para-cima-de-ministros-da-agu-e-da-transparencia\/\">conforme mostrou o <strong>Blog<\/strong><\/a>.<\/p>\n<p>&nbsp;<\/p>\n<p>Lucieni foi enf\u00e1tica:\u00a0\u201c\u00c9 de se estranhar que servidores do \u00f3rg\u00e3o de controle interno do Poder Executivo Federal, que tem o dever constitucional de apoiar o controle externo e dar ci\u00eancia ao TCU de qualquer irregularidade ou ilegalidade, sob pena de responsabilidade solid\u00e1ria (artigo 74, inciso IV e \u00a7 1\u00ba da Constitui\u00e7\u00e3o da Rep\u00fablica), atuem para obstruir o cumprimento da miss\u00e3o da institui\u00e7\u00e3o prevista constitucionalmente para exercer o controle externo, de forma aut\u00f4noma e independente, de todos os atos administrativos praticados por quaisquer \u00f3rg\u00e3os e entidades da administra\u00e7\u00e3o p\u00fablica federal, sendo inconceb\u00edvel a invers\u00e3o de pap\u00e9is que se extrai desse epis\u00f3dio infeliz\u201d.<\/p>\n<p>&nbsp;<\/p>\n<p>Por conta dessas declara\u00e7\u00f5es, em 30 de julho \u00faltimo, a Anauni e a Unacon Sindical decidiram <a href=\"http:\/\/www.anauni.org.br\/?p=16993\">notificar extrajudicialmente<\/a> a associa\u00e7\u00e3o que representa os auditores do TCU. As entidades consideraram &#8220;graves&#8221; as acusa\u00e7\u00f5es feitas por Lucieni contra a AGU e a CGU. Nesta sexta-feira (03\/08), foi a vez de a ANTC fazer uma <a href=\"https:\/\/www.antcbrasil.org.br\/index.php?secao=noticias&amp;visualizar_noticia=766\">contranotifica\u00e7\u00e3o extrajudicial<\/a> contra a Anauni e a Unacon Sindical. A associa\u00e7\u00e3o dos auditores do TCU acusa as duas entidades de tentativa de &#8220;censura&#8221;<\/p>\n<p>&nbsp;<\/p>\n<p>Onde essa guerra vai parar, ningu\u00e9m sabe. Mas o certo \u00e9 que ser\u00e1 dif\u00edcil enterrar o acordo de leni\u00eancia fechado pela AGU e a CGU com a Odebrecht. Certamente, muita coisa poder\u00e1 emergir do contrato que permitiu \u00e0 construtora voltar a fechar contratos com a administra\u00e7\u00e3o p\u00fablica.<\/p>\n<p>&nbsp;<\/p>\n<p><em>Bras\u00edlia, 20h39min<\/em><\/p>\n","protected":false},"excerpt":{"rendered":"<p>Uma batalha judicial est\u00e1 prestes a movimentar tr\u00eas entidades que representam o funcionalismo p\u00fablico. De um lado est\u00e1 a Associa\u00e7\u00e3o Nacional dos Auditores de Controle Externo do Brasil (ANTC), que representa os auditores do Tribunal de Contas da Uni\u00e3o (TCU). De outro, a Associa\u00e7\u00e3o Nacional dos Advogados da Uni\u00e3o (Anauni) e o Sindicato Nacional dos [&hellip;]<\/p>\n","protected":false},"author":22,"featured_media":0,"comment_status":"open","ping_status":"closed","sticky":false,"template":"","format":"standard","meta":{"wpb_read_more":[],"footnotes":""},"categories":[600],"tags":[974,120,939,676,3570,2754,1613,50],"class_list":["post-8880","post","type-post","status-publish","format-standard","hentry","category-economia","tag-acordo","tag-agu","tag-cgu","tag-guerra","tag-judicial","tag-leniencia","tag-odebrecht","tag-tcu"],"_links":{"self":[{"href":"https:\/\/blogs2.correiobraziliense.com.br\/vicente\/wp-json\/wp\/v2\/posts\/8880","targetHints":{"allow":["GET"]}}],"collection":[{"href":"https:\/\/blogs2.correiobraziliense.com.br\/vicente\/wp-json\/wp\/v2\/posts"}],"about":[{"href":"https:\/\/blogs2.correiobraziliense.com.br\/vicente\/wp-json\/wp\/v2\/types\/post"}],"author":[{"embeddable":true,"href":"https:\/\/blogs2.correiobraziliense.com.br\/vicente\/wp-json\/wp\/v2\/users\/22"}],"replies":[{"embeddable":true,"href":"https:\/\/blogs2.correiobraziliense.com.br\/vicente\/wp-json\/wp\/v2\/comments?post=8880"}],"version-history":[{"count":10,"href":"https:\/\/blogs2.correiobraziliense.com.br\/vicente\/wp-json\/wp\/v2\/posts\/8880\/revisions"}],"predecessor-version":[{"id":8891,"href":"https:\/\/blogs2.correiobraziliense.com.br\/vicente\/wp-json\/wp\/v2\/posts\/8880\/revisions\/8891"}],"wp:attachment":[{"href":"https:\/\/blogs2.correiobraziliense.com.br\/vicente\/wp-json\/wp\/v2\/media?parent=8880"}],"wp:term":[{"taxonomy":"category","embeddable":true,"href":"https:\/\/blogs2.correiobraziliense.com.br\/vicente\/wp-json\/wp\/v2\/categories?post=8880"},{"taxonomy":"post_tag","embeddable":true,"href":"https:\/\/blogs2.correiobraziliense.com.br\/vicente\/wp-json\/wp\/v2\/tags?post=8880"}],"curies":[{"name":"wp","href":"https:\/\/api.w.org\/{rel}","templated":true}]}}