{"id":8899,"date":"2018-08-05T20:55:01","date_gmt":"2018-08-05T23:55:01","guid":{"rendered":"https:\/\/blogs2.correiobraziliense.com.br\/vicente\/?p=8899"},"modified":"2018-08-05T22:18:52","modified_gmt":"2018-08-06T01:18:52","slug":"durou-pouco-postos-voltam-subir-precos-da-gasolina","status":"publish","type":"post","link":"https:\/\/blogs2.correiobraziliense.com.br\/vicente\/durou-pouco-postos-voltam-subir-precos-da-gasolina\/","title":{"rendered":"Durou pouco: postos voltam a subir pre\u00e7os da gasolina"},"content":{"rendered":"<h2>HAMILTON FERRARI<\/h2>\n<h2><\/h2>\n<h2>O domingo (05\/08) trouxe p\u00e9ssimas not\u00edcias para os motoristas. A maioria dos postos que vinham ofertando gasolina abaixo de R$ 4 acabou com a promo\u00e7\u00e3o. No Posto Ipiranga, de \u00c1guas Claras, \u00e0s margens da EPTG, o litro subiu de R$ 3,999 para R$ 4,099, frustrando muita gente que se deslocou para o estabelecimento atr\u00e1s de um valor mais baixo nas bombas.<\/h2>\n<p>&nbsp;<\/p>\n<p>&#8220;Fiquei frustrada&#8221;, diz a secret\u00e1ria Andreia Marques, 38 anos. &#8220;Deixei para abastecer o carro neste domingo, confiando que n\u00e3o haveria mudan\u00e7a de pre\u00e7os. Ledo engano. Houve aumento de R$ 0,10 por litro. \u00c9 muito&#8221;, ressalta. Como estava com o tanque do carro vazio, teve que abastecer mais caro. &#8220;Foi o que me restou&#8221;, acrescenta.<\/p>\n<p>&nbsp;<\/p>\n<p>No posto pr\u00f3ximo ao Shopping Fl\u00f3rida Mall, no Guar\u00e1, tamb\u00e9m houve reajuste. O litro da gasolina passou de R$ 4,149 para R$ 4,199. Segundo um funcion\u00e1rio do estabelecimento, foi um ajuste para refazer parte da margem de lucro. &#8220;N\u00e3o d\u00e1 nem para perceber que houve aumento. A diferen\u00e7a foi m\u00ednima&#8221;, frisa.<\/p>\n<p>&nbsp;<\/p>\n<p>Segundo os especialistas, n\u00e3o h\u00e1 raz\u00e3o para reajustes nos pre\u00e7os da gasolina neste momento, uma vez que o d\u00f3lar est\u00e1 em queda e a cota\u00e7\u00e3o do petr\u00f3leo no mercado internacional est\u00e1 comportada. Para eles, o movimento que se viu neste domingo foi decis\u00e3o empresarial dos postos, pois conseguiram desovar os estoques que estavam encalhados.<\/p>\n<p>&nbsp;<\/p>\n<p>O servidor p\u00fablico Sandro Albuquerque, 41, diz que \u00e9 ilus\u00e3o acreditar que os postos est\u00e3o preocupados com os consumidores quando praticam pre\u00e7os abaixo de R$ 4. &#8220;Tudo tem interesse empresarial. Quando reduzem os pre\u00e7os, querem reduzir o encalhe de combust\u00edveis. Quando aumentam, querem elevar as margens de lucro. \u00c9 assim que o mundo funciona&#8221;, destaca.<\/p>\n<p>&nbsp;<\/p>\n<p>Os consumidores, portanto, devem ficar atentos e pesquisar bastante. Sempre que encontrarem pre\u00e7os mais baixos, devem encher o tanque. Essa pesquisa \u00e9 mais dif\u00edcil no Plano Piloto, onde os postos resistem em reduzir o valor da gasolina nas bombas.<\/p>\n<p>&nbsp;<\/p>\n<p><em>Bras\u00edlia, 20h55min<\/em><\/p>\n","protected":false},"excerpt":{"rendered":"<p>HAMILTON FERRARI O domingo (05\/08) trouxe p\u00e9ssimas not\u00edcias para os motoristas. A maioria dos postos que vinham ofertando gasolina abaixo de R$ 4 acabou com a promo\u00e7\u00e3o. No Posto Ipiranga, de \u00c1guas Claras, \u00e0s margens da EPTG, o litro subiu de R$ 3,999 para R$ 4,099, frustrando muita gente que se deslocou para o estabelecimento [&hellip;]<\/p>\n","protected":false},"author":22,"featured_media":0,"comment_status":"open","ping_status":"closed","sticky":false,"template":"","format":"standard","meta":{"wpb_read_more":[],"footnotes":""},"categories":[600],"tags":[],"class_list":["post-8899","post","type-post","status-publish","format-standard","hentry","category-economia"],"_links":{"self":[{"href":"https:\/\/blogs2.correiobraziliense.com.br\/vicente\/wp-json\/wp\/v2\/posts\/8899","targetHints":{"allow":["GET"]}}],"collection":[{"href":"https:\/\/blogs2.correiobraziliense.com.br\/vicente\/wp-json\/wp\/v2\/posts"}],"about":[{"href":"https:\/\/blogs2.correiobraziliense.com.br\/vicente\/wp-json\/wp\/v2\/types\/post"}],"author":[{"embeddable":true,"href":"https:\/\/blogs2.correiobraziliense.com.br\/vicente\/wp-json\/wp\/v2\/users\/22"}],"replies":[{"embeddable":true,"href":"https:\/\/blogs2.correiobraziliense.com.br\/vicente\/wp-json\/wp\/v2\/comments?post=8899"}],"version-history":[{"count":1,"href":"https:\/\/blogs2.correiobraziliense.com.br\/vicente\/wp-json\/wp\/v2\/posts\/8899\/revisions"}],"predecessor-version":[{"id":8900,"href":"https:\/\/blogs2.correiobraziliense.com.br\/vicente\/wp-json\/wp\/v2\/posts\/8899\/revisions\/8900"}],"wp:attachment":[{"href":"https:\/\/blogs2.correiobraziliense.com.br\/vicente\/wp-json\/wp\/v2\/media?parent=8899"}],"wp:term":[{"taxonomy":"category","embeddable":true,"href":"https:\/\/blogs2.correiobraziliense.com.br\/vicente\/wp-json\/wp\/v2\/categories?post=8899"},{"taxonomy":"post_tag","embeddable":true,"href":"https:\/\/blogs2.correiobraziliense.com.br\/vicente\/wp-json\/wp\/v2\/tags?post=8899"}],"curies":[{"name":"wp","href":"https:\/\/api.w.org\/{rel}","templated":true}]}}