{"id":8902,"date":"2018-08-06T15:13:57","date_gmt":"2018-08-06T18:13:57","guid":{"rendered":"https:\/\/blogs2.correiobraziliense.com.br\/vicente\/?p=8902"},"modified":"2018-08-06T15:13:57","modified_gmt":"2018-08-06T18:13:57","slug":"poupanca-fica-no-azul-em-r-37-bilhoes-em-julho-segundo-o-bc","status":"publish","type":"post","link":"https:\/\/blogs2.correiobraziliense.com.br\/vicente\/poupanca-fica-no-azul-em-r-37-bilhoes-em-julho-segundo-o-bc\/","title":{"rendered":"Poupan\u00e7a fica no azul em R$ 3,7 bilh\u00f5es em julho, segundo o BC"},"content":{"rendered":"<p>ANTONIO TEM\u00d3TEO<\/p>\n<p>&nbsp;<\/p>\n<p>A poupan\u00e7a registrou um saldo positivo de R$ 3,7 bilh\u00f5es em julho, conforme dados divulgados pelo Banco Central (BC). As cadernetas ficaram no azul pelo quinto m\u00eas consecutivo e acumulam superavit de R$ 11,1 bilh\u00f5es nos sete primeiros meses do ano.<span class=\"Apple-converted-space\">\u00a0<\/span><\/p>\n<p>&nbsp;<\/p>\n<p>A capta\u00e7\u00e3o l\u00edquida da poupan\u00e7a em julho \u00e9 60,4% maior do que a registrada no mesmo per\u00edodo de 2017. O saldo total das cadernetas totalizou R$ 755,6 bilh\u00f5es. O resultado foi influenciado positivamente pela amplia\u00e7\u00e3o dos saques do fundo PIS\/Pasep. O benef\u00edcio foi estendido para os cotistas de todas as idades, que trabalharam entre 1971 e 1988.<span class=\"Apple-converted-space\">\u00a0<\/span><\/p>\n<p>&nbsp;<\/p>\n<p>Com o novo p\u00fablico inclu\u00eddo entre os benefici\u00e1rios, est\u00e1 dispon\u00edvel um total de R$ 39,3 bilh\u00f5es aos trabalhadores, com impacto potencial no PIB da ordem de 0,55 pontos percentuais no Produto Interno Bruto (PIB), estima o Minist\u00e9rio do Planejamento.<\/p>\n<p>&nbsp;<\/p>\n<p>Pelo menos 16,1 milh\u00f5es de cotistas com menos de 60 anos podem sacar at\u00e9 R$ 16,1 bilh\u00f5es. Ap\u00f3s dois anos no vermelho, os dep\u00f3sitos superaram os saques da poupan\u00e7a em R$ 17,1 bilh\u00f5es em 2017. Somente em dezembro, os brasileiros colocaram R$ 19,3 bilh\u00f5es nas cadernetas.<\/p>\n","protected":false},"excerpt":{"rendered":"<p>ANTONIO TEM\u00d3TEO &nbsp; A poupan\u00e7a registrou um saldo positivo de R$ 3,7 bilh\u00f5es em julho, conforme dados divulgados pelo Banco Central (BC). As cadernetas ficaram no azul pelo quinto m\u00eas consecutivo e acumulam superavit de R$ 11,1 bilh\u00f5es nos sete primeiros meses do ano.\u00a0 &nbsp; A capta\u00e7\u00e3o l\u00edquida da poupan\u00e7a em julho \u00e9 60,4% maior [&hellip;]<\/p>\n","protected":false},"author":22,"featured_media":0,"comment_status":"open","ping_status":"closed","sticky":false,"template":"","format":"standard","meta":{"wpb_read_more":[],"footnotes":""},"categories":[600],"tags":[3,106,163,3573,436],"class_list":["post-8902","post","type-post","status-publish","format-standard","hentry","category-economia","tag-banco-central","tag-bc","tag-caderneta-de-poupanca","tag-captacao-liquida","tag-poupanca"],"_links":{"self":[{"href":"https:\/\/blogs2.correiobraziliense.com.br\/vicente\/wp-json\/wp\/v2\/posts\/8902","targetHints":{"allow":["GET"]}}],"collection":[{"href":"https:\/\/blogs2.correiobraziliense.com.br\/vicente\/wp-json\/wp\/v2\/posts"}],"about":[{"href":"https:\/\/blogs2.correiobraziliense.com.br\/vicente\/wp-json\/wp\/v2\/types\/post"}],"author":[{"embeddable":true,"href":"https:\/\/blogs2.correiobraziliense.com.br\/vicente\/wp-json\/wp\/v2\/users\/22"}],"replies":[{"embeddable":true,"href":"https:\/\/blogs2.correiobraziliense.com.br\/vicente\/wp-json\/wp\/v2\/comments?post=8902"}],"version-history":[{"count":1,"href":"https:\/\/blogs2.correiobraziliense.com.br\/vicente\/wp-json\/wp\/v2\/posts\/8902\/revisions"}],"predecessor-version":[{"id":8903,"href":"https:\/\/blogs2.correiobraziliense.com.br\/vicente\/wp-json\/wp\/v2\/posts\/8902\/revisions\/8903"}],"wp:attachment":[{"href":"https:\/\/blogs2.correiobraziliense.com.br\/vicente\/wp-json\/wp\/v2\/media?parent=8902"}],"wp:term":[{"taxonomy":"category","embeddable":true,"href":"https:\/\/blogs2.correiobraziliense.com.br\/vicente\/wp-json\/wp\/v2\/categories?post=8902"},{"taxonomy":"post_tag","embeddable":true,"href":"https:\/\/blogs2.correiobraziliense.com.br\/vicente\/wp-json\/wp\/v2\/tags?post=8902"}],"curies":[{"name":"wp","href":"https:\/\/api.w.org\/{rel}","templated":true}]}}