{"id":891,"date":"2016-05-05T11:40:25","date_gmt":"2016-05-05T14:40:25","guid":{"rendered":"https:\/\/blogs2.correiobraziliense.com.br\/vicente\/?p=891"},"modified":"2016-05-05T11:40:25","modified_gmt":"2016-05-05T14:40:25","slug":"por-enquanto-caixa-nao-precisa-de-capitalizacao-diz-executivo-do-banco","status":"publish","type":"post","link":"https:\/\/blogs2.correiobraziliense.com.br\/vicente\/por-enquanto-caixa-nao-precisa-de-capitalizacao-diz-executivo-do-banco\/","title":{"rendered":"POR ENQUANTO, CAIXA N\u00c3O PRECISA DE CAPITALIZA\u00c7\u00c3O, DIZ EXECUTIVO DO BANCO"},"content":{"rendered":"<p>\u00bb POR PAULO SILVA PINTO<\/p>\n<p>&nbsp;<\/p>\n<p>Um executivo de alto escal\u00e3o da Caixa Econ\u00f4mica Federal descartou o risco de que a institui\u00e7\u00e3o precise de capitaliza\u00e7\u00e3o \u201cneste ano\u201d. Mas a situa\u00e7\u00e3o do banco \u00e9 preocupante na avalia\u00e7\u00e3o de analistas de mercado, alguns dos quais tamb\u00e9m preferem n\u00e3o ser identificados. Eles n\u00e3o veem al\u00edvio na garantia de que, at\u00e9 dezembro, n\u00e3o haver\u00e1 necessidade de inje\u00e7\u00e3o de recursos pelo Tesouro. A maior parte dos problemas, apontam, pode aparecer em 2017, devido aos riscos de inadimpl\u00eancia de empr\u00e9stimos que est\u00e3o sendo renegociados, com o alongamento do prazo de pagamento.<\/p>\n<p>&nbsp;<\/p>\n<p>O executivo da institui\u00e7\u00e3o negou dificuldades. Disse n\u00e3o poder falar dos n\u00fameros recentes porque o balan\u00e7o do primeiro trimestre est\u00e1 prestes a ser divulgado, mas destacou que, no fim de 2015, a inadimpl\u00eancia estava em 3,55%, \u201cem linha com a maior parte do mercado\u201d. O \u00edndice de Basileia (rela\u00e7\u00e3o entre o capital e os riscos ponderados) era de 14,4%. O patamar m\u00ednimo exigido \u00e9 11% \u2014 se chega muito perto disso, os acionistas precisam aportar recursos.<\/p>\n<p>&nbsp;<\/p>\n<p>No \u00faltimo trimestre do ano passado, por\u00e9m, o banco apresentou preju\u00edzo operacional de R$ 303 milh\u00f5es. Embora tenha fechado 2015 com ganho, ele foi 83% menor do que o do per\u00edodo anterior. Segundo o executivo da institui\u00e7\u00e3o, a lucratividade caiu porque foi preciso fazer provis\u00f5es \u201cmais conservadoras do que o normal, diante das dificuldades macroecon\u00f4micas do pa\u00eds\u201d. Nesse caso, a institui\u00e7\u00e3o decide reservar um montante adicional para cobrir o risco de alta dos calotes.<\/p>\n<p>&nbsp;<\/p>\n<p>A situa\u00e7\u00e3o da Caixa preocupa h\u00e1 tr\u00eas anos, na avalia\u00e7\u00e3o de Jos\u00e9 Luiz Rodrigues, da JL Rodrigues, Carlos \u00c1tila e Consultores Associados. \u201cEles anunciaram que usariam recursos n\u00e3o reclamados da poupan\u00e7a para melhorar o balan\u00e7o. Quando fazem esse tipo de coisa, \u00e9 porque a situa\u00e7\u00e3o \u00e9 desconfort\u00e1vel\u201d, explicou. Para o economista-chefe da Rio Bravo, Evandro Buccini, \u201co mercado est\u00e1 sentindo cheiro de problema na Caixa\u201d. Ele espera que, no prov\u00e1vel governo de Michel Temer, a transpar\u00eancia e a governan\u00e7a da institui\u00e7\u00e3o sejam aprimoradas, assim como de outras estatais.<\/p>\n<p>&nbsp;<\/p>\n<p><strong>Desconfian\u00e7a<\/strong><\/p>\n<p>&nbsp;<\/p>\n<p>O problema \u00e9 que, no caso da Caixa, todas as a\u00e7\u00f5es est\u00e3o nas m\u00e3os do governo federal, o que aumenta o risco de inger\u00eancia pol\u00edtica. Na tentativa de impulsionar o consumo, a carteira de cr\u00e9dito quase dobrou nos \u00faltimos tr\u00eas anos. A atual presidente, M\u00edriam Belchior, foi ministra do Planejamento no primeiro mandato Dilma. Com Temer, o comando do banco dever\u00e1 ficar com o Gilberto Occhi, do PP, que j\u00e1 foi ministro da Integra\u00e7\u00e3o Nacional e das Cidades.<\/p>\n<p>&nbsp;<\/p>\n<p>Al\u00e9m da desconfian\u00e7a quanto ao equil\u00edbrio financeiro, h\u00e1 queixas de usu\u00e1rios da Caixa quanto aos servi\u00e7os, o que indica falta de investimentos. A desempregada Tereza Mendes, de 29 anos, n\u00e3o consegue dar entrada na documenta\u00e7\u00e3o para receber o pagamento do seguro a que tem direito. Ela teve de se deslocar entre diferentes ag\u00eancias, sem sucesso. \u201cH\u00e1 uma desorganiza\u00e7\u00e3o generalizada. Sempre me dizem que o sistema est\u00e1 fora do ar\u201d, reclamou. O estudante de arquitetura Robson Nunes, 19 anos, benefici\u00e1rio do Fundo de Financiamento Estudantil (Fies), tem problemas peri\u00f3dicos para fazer o pagamento da faculdade. \u201c\u00c9 a terceira vez que venho \u00e0 ag\u00eancia e ningu\u00e9m consegue gerar o boleto\u201d, queixou-se.<\/p>\n<p>&nbsp;<\/p>\n<p><em>Bras\u00edlia, 11h39min<\/em><\/p>\n","protected":false},"excerpt":{"rendered":"<p>\u00bb POR PAULO SILVA PINTO &nbsp; Um executivo de alto escal\u00e3o da Caixa Econ\u00f4mica Federal descartou o risco de que a institui\u00e7\u00e3o precise de capitaliza\u00e7\u00e3o \u201cneste ano\u201d. Mas a situa\u00e7\u00e3o do banco \u00e9 preocupante na avalia\u00e7\u00e3o de analistas de mercado, alguns dos quais tamb\u00e9m preferem n\u00e3o ser identificados. Eles n\u00e3o veem al\u00edvio na garantia de [&hellip;]<\/p>\n","protected":false},"author":22,"featured_media":0,"comment_status":"open","ping_status":"closed","sticky":false,"template":"","format":"standard","meta":{"wpb_read_more":[],"footnotes":""},"categories":[1],"tags":[],"class_list":["post-891","post","type-post","status-publish","format-standard","hentry","category-sem-categoria"],"_links":{"self":[{"href":"https:\/\/blogs2.correiobraziliense.com.br\/vicente\/wp-json\/wp\/v2\/posts\/891","targetHints":{"allow":["GET"]}}],"collection":[{"href":"https:\/\/blogs2.correiobraziliense.com.br\/vicente\/wp-json\/wp\/v2\/posts"}],"about":[{"href":"https:\/\/blogs2.correiobraziliense.com.br\/vicente\/wp-json\/wp\/v2\/types\/post"}],"author":[{"embeddable":true,"href":"https:\/\/blogs2.correiobraziliense.com.br\/vicente\/wp-json\/wp\/v2\/users\/22"}],"replies":[{"embeddable":true,"href":"https:\/\/blogs2.correiobraziliense.com.br\/vicente\/wp-json\/wp\/v2\/comments?post=891"}],"version-history":[{"count":1,"href":"https:\/\/blogs2.correiobraziliense.com.br\/vicente\/wp-json\/wp\/v2\/posts\/891\/revisions"}],"predecessor-version":[{"id":892,"href":"https:\/\/blogs2.correiobraziliense.com.br\/vicente\/wp-json\/wp\/v2\/posts\/891\/revisions\/892"}],"wp:attachment":[{"href":"https:\/\/blogs2.correiobraziliense.com.br\/vicente\/wp-json\/wp\/v2\/media?parent=891"}],"wp:term":[{"taxonomy":"category","embeddable":true,"href":"https:\/\/blogs2.correiobraziliense.com.br\/vicente\/wp-json\/wp\/v2\/categories?post=891"},{"taxonomy":"post_tag","embeddable":true,"href":"https:\/\/blogs2.correiobraziliense.com.br\/vicente\/wp-json\/wp\/v2\/tags?post=891"}],"curies":[{"name":"wp","href":"https:\/\/api.w.org\/{rel}","templated":true}]}}