{"id":893,"date":"2016-05-05T18:23:07","date_gmt":"2016-05-05T21:23:07","guid":{"rendered":"https:\/\/blogs2.correiobraziliense.com.br\/vicente\/?p=893"},"modified":"2016-05-05T19:07:20","modified_gmt":"2016-05-05T22:07:20","slug":"fitch-rebaixa-novamente-o-brasil-que-fica-mais-proximo-dos-paises-considerados-lixo","status":"publish","type":"post","link":"https:\/\/blogs2.correiobraziliense.com.br\/vicente\/fitch-rebaixa-novamente-o-brasil-que-fica-mais-proximo-dos-paises-considerados-lixo\/","title":{"rendered":"FITCH REBAIXA NOVAMENTE O BRASIL, QUE FICA MAIS PR\u00d3XIMO DOS PA\u00cdSES CONSIDERADOS LIXO"},"content":{"rendered":"<p>A ag\u00eancia de classifica\u00e7\u00e3o de risco Fitch rebaixou novamente o Brasil, agora de BB+ para BB. Com isso, as v\u00e9speras da vota\u00e7\u00e3o do impeachment da presidente Dilma Rousseff pelo Senado, o pa\u00eds est\u00e1 mais pr\u00f3ximo das na\u00e7\u00f5es consideradas lixo. O Brasil volta aos n\u00edveis de 2006. Est\u00e1 dois degraus abaixo do selo de bom pagador. O pa\u00eds foi colocado em perspectiva negativa. Ou seja, pode ser rebaixado mais uma vez nos pr\u00f3ximos meses.<\/p>\n<p>&nbsp;<\/p>\n<p>Segundo a ag\u00eancia, o rebaixamento reflete o aprofundamento da recess\u00e3o econ\u00f4mica e o fracasso do governo em estabilizar as finan\u00e7as p\u00fablicas, com consecutivas mudan\u00e7as nas metas fiscais sempre para pior. As proje\u00e7\u00f5es do mercado apontam para retra\u00e7\u00e3o de quase 4% neste ano e, pelas estimativas do Banco Central, o rombo nas contas p\u00fablicas ser\u00e1 de 1,6% do Produto Interno Bruto (PIB).<\/p>\n<p>&nbsp;<\/p>\n<p>A ag\u00eancia tamb\u00e9m ressalta as incertezas pol\u00edticas, que t\u00eam derrubado a confian\u00e7a de consumidores e agentes econ\u00f4micos, que est\u00e1 no menor n\u00edvel da hist\u00f3ria. Para a Fitch, o atual governo n\u00e3o tem condi\u00e7\u00f5es de superar as barreiras no Congresso para aprovar projetos que poderiam tirar a economia do atoleiro. Segundo a ag\u00eancia, no atual quadro econ\u00f4mico, n\u00e3o \u00e9 poss\u00edvel ver qualquer retomada do crescimento econ\u00f4mico nem recupera\u00e7\u00e3o das contas do governo e revers\u00e3o do endividamento p\u00fablico, que caminha rapidamente para 70% do PIB.<\/p>\n<p>&nbsp;<\/p>\n<p>A Fitch havia retirado o grau de investimento do Brasil em dezembro do ano passado. Desde ent\u00e3o, destacou Shelly Shetty, respons\u00e1vel pelas an\u00e1lises sobre o pa\u00eds, a situa\u00e7\u00e3o econ\u00f4mica s\u00f3 piorou. A ag\u00eancia prev\u00ea queda de 3,8% para o PIB neste ano e alta de 0,5% em 2017. H\u00e1 cinco meses, as proje\u00e7\u00f5es eram de retra\u00e7\u00e3o de 2,5% e incremento de 1,2%, respectivamente.<\/p>\n<p>&nbsp;<\/p>\n<p><em>Bras\u00edlia, 18h15min<\/em><\/p>\n","protected":false},"excerpt":{"rendered":"<p>A ag\u00eancia de classifica\u00e7\u00e3o de risco Fitch rebaixou novamente o Brasil, agora de BB+ para BB. Com isso, as v\u00e9speras da vota\u00e7\u00e3o do impeachment da presidente Dilma Rousseff pelo Senado, o pa\u00eds est\u00e1 mais pr\u00f3ximo das na\u00e7\u00f5es consideradas lixo. O Brasil volta aos n\u00edveis de 2006. Est\u00e1 dois degraus abaixo do selo de bom pagador. [&hellip;]<\/p>\n","protected":false},"author":22,"featured_media":0,"comment_status":"open","ping_status":"closed","sticky":false,"template":"","format":"standard","meta":{"wpb_read_more":[],"footnotes":""},"categories":[1],"tags":[],"class_list":["post-893","post","type-post","status-publish","format-standard","hentry","category-sem-categoria"],"_links":{"self":[{"href":"https:\/\/blogs2.correiobraziliense.com.br\/vicente\/wp-json\/wp\/v2\/posts\/893","targetHints":{"allow":["GET"]}}],"collection":[{"href":"https:\/\/blogs2.correiobraziliense.com.br\/vicente\/wp-json\/wp\/v2\/posts"}],"about":[{"href":"https:\/\/blogs2.correiobraziliense.com.br\/vicente\/wp-json\/wp\/v2\/types\/post"}],"author":[{"embeddable":true,"href":"https:\/\/blogs2.correiobraziliense.com.br\/vicente\/wp-json\/wp\/v2\/users\/22"}],"replies":[{"embeddable":true,"href":"https:\/\/blogs2.correiobraziliense.com.br\/vicente\/wp-json\/wp\/v2\/comments?post=893"}],"version-history":[{"count":5,"href":"https:\/\/blogs2.correiobraziliense.com.br\/vicente\/wp-json\/wp\/v2\/posts\/893\/revisions"}],"predecessor-version":[{"id":898,"href":"https:\/\/blogs2.correiobraziliense.com.br\/vicente\/wp-json\/wp\/v2\/posts\/893\/revisions\/898"}],"wp:attachment":[{"href":"https:\/\/blogs2.correiobraziliense.com.br\/vicente\/wp-json\/wp\/v2\/media?parent=893"}],"wp:term":[{"taxonomy":"category","embeddable":true,"href":"https:\/\/blogs2.correiobraziliense.com.br\/vicente\/wp-json\/wp\/v2\/categories?post=893"},{"taxonomy":"post_tag","embeddable":true,"href":"https:\/\/blogs2.correiobraziliense.com.br\/vicente\/wp-json\/wp\/v2\/tags?post=893"}],"curies":[{"name":"wp","href":"https:\/\/api.w.org\/{rel}","templated":true}]}}