{"id":899,"date":"2016-05-05T22:06:06","date_gmt":"2016-05-06T01:06:06","guid":{"rendered":"https:\/\/blogs2.correiobraziliense.com.br\/vicente\/?p=899"},"modified":"2016-05-05T22:06:06","modified_gmt":"2016-05-06T01:06:06","slug":"meirelles-apresenta-temer-esboco-da-equipe-economica","status":"publish","type":"post","link":"https:\/\/blogs2.correiobraziliense.com.br\/vicente\/meirelles-apresenta-temer-esboco-da-equipe-economica\/","title":{"rendered":"MEIRELLES APRESENTA A TEMER ESBO\u00c7O DA EQUIPE ECON\u00d4MICA"},"content":{"rendered":"<p>Virtual ministro da Fazenda, Henrique Meirelles apresentou hoje a Michel Temer o esbo\u00e7o da equipe econ\u00f4mica. V\u00e1rios dos nomes j\u00e1 foram fechados, mas, segundo Meirelles, ningu\u00e9m foi convidado oficialmente, inclusive para o Banco Central.<\/p>\n<p>&nbsp;<\/p>\n<p>Meirelles combinou com Temer que, por causa da necessidade de avalia\u00e7\u00e3o da Comiss\u00e3o de Assuntos Econ\u00f4micos do Senado, as substitui\u00e7\u00f5es no BC ser\u00e3o graduais. Alguns diretores devem sair mais r\u00e1pido, outros ficar\u00e3o por um prazo mais longo. Mas, certamente, todos devem ser substitu\u00eddos.<\/p>\n<p>&nbsp;<\/p>\n<p>O futuro ministro da Fazenda deixou claro na conversa com o vice, que pode assumir o governo na semana que vem, caso o Senado aprove o afastamento da presidente Dilma Rousseff, que a palavra-chave para a forma\u00e7\u00e3o da equipe econ\u00f4mica ser\u00e1 a meritocracia.<\/p>\n<p>&nbsp;<\/p>\n<p><em>Bras\u00edlia, 22h05min<\/em><\/p>\n","protected":false},"excerpt":{"rendered":"<p>Virtual ministro da Fazenda, Henrique Meirelles apresentou hoje a Michel Temer o esbo\u00e7o da equipe econ\u00f4mica. V\u00e1rios dos nomes j\u00e1 foram fechados, mas, segundo Meirelles, ningu\u00e9m foi convidado oficialmente, inclusive para o Banco Central. &nbsp; Meirelles combinou com Temer que, por causa da necessidade de avalia\u00e7\u00e3o da Comiss\u00e3o de Assuntos Econ\u00f4micos do Senado, as substitui\u00e7\u00f5es [&hellip;]<\/p>\n","protected":false},"author":22,"featured_media":0,"comment_status":"open","ping_status":"closed","sticky":false,"template":"","format":"standard","meta":{"wpb_read_more":[],"footnotes":""},"categories":[1],"tags":[],"class_list":["post-899","post","type-post","status-publish","format-standard","hentry","category-sem-categoria"],"_links":{"self":[{"href":"https:\/\/blogs2.correiobraziliense.com.br\/vicente\/wp-json\/wp\/v2\/posts\/899","targetHints":{"allow":["GET"]}}],"collection":[{"href":"https:\/\/blogs2.correiobraziliense.com.br\/vicente\/wp-json\/wp\/v2\/posts"}],"about":[{"href":"https:\/\/blogs2.correiobraziliense.com.br\/vicente\/wp-json\/wp\/v2\/types\/post"}],"author":[{"embeddable":true,"href":"https:\/\/blogs2.correiobraziliense.com.br\/vicente\/wp-json\/wp\/v2\/users\/22"}],"replies":[{"embeddable":true,"href":"https:\/\/blogs2.correiobraziliense.com.br\/vicente\/wp-json\/wp\/v2\/comments?post=899"}],"version-history":[{"count":1,"href":"https:\/\/blogs2.correiobraziliense.com.br\/vicente\/wp-json\/wp\/v2\/posts\/899\/revisions"}],"predecessor-version":[{"id":900,"href":"https:\/\/blogs2.correiobraziliense.com.br\/vicente\/wp-json\/wp\/v2\/posts\/899\/revisions\/900"}],"wp:attachment":[{"href":"https:\/\/blogs2.correiobraziliense.com.br\/vicente\/wp-json\/wp\/v2\/media?parent=899"}],"wp:term":[{"taxonomy":"category","embeddable":true,"href":"https:\/\/blogs2.correiobraziliense.com.br\/vicente\/wp-json\/wp\/v2\/categories?post=899"},{"taxonomy":"post_tag","embeddable":true,"href":"https:\/\/blogs2.correiobraziliense.com.br\/vicente\/wp-json\/wp\/v2\/tags?post=899"}],"curies":[{"name":"wp","href":"https:\/\/api.w.org\/{rel}","templated":true}]}}