{"id":9,"date":"2015-01-14T00:12:00","date_gmt":"2015-01-14T02:12:00","guid":{"rendered":"https:\/\/blogs2.correiobraziliense.com.br\/vicente\/recessao_e_racionamento\/"},"modified":"2015-01-14T00:12:00","modified_gmt":"2015-01-14T02:12:00","slug":"recessao_e_racionamento","status":"publish","type":"post","link":"https:\/\/blogs2.correiobraziliense.com.br\/vicente\/recessao_e_racionamento\/","title":{"rendered":"RECESS\u00c3O E RACIONAMENTO"},"content":{"rendered":"\n<p>Os investidores est\u00e3o se apegando o quanto podem \u00e0s declara\u00e7\u00f5es do ministro da Fazenda, Joaquim Levy, para tentar criar fatos positivos em rela\u00e7\u00e3o ao Brasil. Debru\u00e7ados sobre os n\u00fameros do pa\u00eds, boa parte deles t\u00eam a clara no\u00e7\u00e3o de que 2015 ser\u00e1 muito pior do que imaginavam. Duas palavras que muitos insistiam em deixar de lado, para n\u00e3o secar a \u00fanica gota de otimismo, voltaram com tudo aos cen\u00e1rios tra\u00e7ados para o ano. Recess\u00e3o e racionamento tornaram-se amea\u00e7as reais. <\/p>\n<p>Nos c\u00e1lculos dos analistas, s\u00e3o de 60% as chances de contra\u00e7\u00e3o do Produto Interno Bruto (PIB) neste ano. Tal previs\u00e3o leva em conta uma conjuga\u00e7\u00e3o de fatores que h\u00e1 pelo menos 10 anos o Brasil n\u00e3o vivencia ao mesmo tempo: aumento do desemprego, fam\u00edlias com a renda comprometida pela eleva\u00e7\u00e3o das tarifas p\u00fablicas, bancos controlados pelo governo retendo cr\u00e9dito, quadro internacional adverso e riscos de falta de energia el\u00e9trica. \u201cO momento \u00e9 de grande apreens\u00e3o\u201d, admite um t\u00e9cnico da Fazenda. <\/p>\n<p>O clima de tens\u00e3o s\u00f3 n\u00e3o \u00e9 maior entre investidores e empres\u00e1rios devido ao discurso de Levy. Mesmo que prevale\u00e7a entre os donos do dinheiro o ceticismo em rela\u00e7\u00e3o \u00e0 real autonomia do ministro da Fazenda para fazer os ajustes necess\u00e1rios na economia, a ordem \u00e9 dar um voto de confian\u00e7a. A torcida \u00e9 para que a presidente Dilma Rousseff tenha se convencido de que a \u00fanica alternativa para salvar seu segundo mandato \u00e9 resolver todos os problemas que ela criou nos \u00faltimos quatro anos. <\/p>\n<p>Entre os investidores h\u00e1 a clareza de que os resultados de um ajuste fiscal consistente prometido por Levy e da recomposi\u00e7\u00e3o das tarifas p\u00fablicas demorar\u00e3o a aparecer. Talvez sejam necess\u00e1rios dois anos. Mas o importante, acreditam eles, \u00e9 zerar os passivos criados por Dilma, que est\u00e3o impedindo o pa\u00eds de crescer. \u201cQui\u00e7\u00e1, em 2017, tenhamos um Brasil melhor\u201d, reconhece um servidor do Banco Central. Ele ressalta, por\u00e9m, que ser\u00e1 preciso muito sangue-frio para a travessia. Haver\u00e1 uma enorme gritaria contra a disparada da infla\u00e7\u00e3o, puxada pelas tarifas p\u00fablicas, e, sobretudo, pelo desemprego maior e pelo racionamento de energia. <\/p>\n<p>T\u00e9cnicos do governo reconhecem que as chuvas est\u00e3o aqu\u00e9m do necess\u00e1rio. Em vez de aumentar, os volumes de \u00e1gua nos principais reservat\u00f3rios do pa\u00eds est\u00e3o diminuindo. As usinas t\u00e9rmicas, que deveriam ser acionadas apenas em momentos excepcionais, por serem caras demais, est\u00e3o operando a pleno vapor h\u00e1 dois anos. \u201cComo fomos abandonados por S\u00e3o Pedro, nos restaram Levy e equipe para dar um pouco de serenidade ao quadro atual. Tomara que eles mantenham os p\u00e9s no ch\u00e3o e, no papel de salvadores da P\u00e1tria, achem que podem tudo. Esse foi o grande erro de Dilma\u201d, afirma um ministro com tr\u00e2nsito no Pal\u00e1cio do Planalto. <\/p>\n<p><b>Risco aos emergentes<\/b> <\/p>\n<p>Dentro do governo, parcela importante dos assessores de Dilma reconhece que os acertos de Joaquim Levy n\u00e3o beneficiar\u00e3o apenas o pa\u00eds. Ser\u00e3o vitais para evitar uma onda de problemas aos mercados emergentes. Com a China em processo de desacelera\u00e7\u00e3o econ\u00f4mica e a R\u00fassia em frangalhos, todos os olhos est\u00e3o voltados para a principal economia latina. Caso o Brasil n\u00e3o consiga reagir e superar as fragilidades que atormentam, o capital estrangeiro detonar\u00e1 o fechamento dos mercados \u00e0s na\u00e7\u00f5es em desenvolvimento. O primeiro grande teste do ministro da Fazenda, por sinal, ser\u00e1 o aumento dos juros nos Estados Unidos. Por enquanto, o tempo est\u00e1 jogado a favor dele, j\u00e1 que o Federal Reserve (Fed), o banco central norte-americano, est\u00e1 adiando o aperto na pol\u00edtica monet\u00e1ria. <\/p>\n<p><b>Ansiedade ronda o BRB<\/b> <\/p>\n<p>\u00bb \u00c9 grande a expectativa no Distrito Federal em torno da decis\u00e3o do Banco Central sobre os nomes indicados pelo governador Rodrigo Rollemberg para o comando do Banco de Bras\u00edlia (BRB). Sete nomes est\u00e3o sob an\u00e1lise. A autoridade monet\u00e1ria tem 15 dias para dar seu aval. <\/p>\n<p><b>Calote no Minha Casa<\/b> <\/p>\n<p>\u00bb Construtores que atuam no Minha Casa, Minha Vida n\u00e3o se cansam de reclamar do governo. Insistem que, do R$ 1,1 bilh\u00e3o devido pelo Tesouro Nacional desde o fim de 2014, apenas R$ 370 milh\u00f5es foram pagos. As verbas se referem a subs\u00eddios \u00e0 faixa um do programa, que atende fam\u00edlias com renda mensal de at\u00e9 tr\u00eas sal\u00e1rios m\u00ednimos. <\/p>\n<p><b>Exonera\u00e7\u00e3o no Planejamento<\/b> <\/p>\n<p>\u00bb Deve ser publicada no Di\u00e1rio Oficial da Uni\u00e3o de hoje a exonera\u00e7\u00e3o de Ana L\u00facia Amorim de Brito da Secretaria de Gest\u00e3o P\u00fablica (Segep) do Minist\u00e9rio do Planejamento. O ministro Nelson Barbosa come\u00e7a a montar seu time.  <\/p>\n<p><i>Bras\u00edlia, 00h13min<\/i>   <\/p>\n","protected":false},"excerpt":{"rendered":"<p>Os investidores est\u00e3o se apegando o quanto podem \u00e0s declara\u00e7\u00f5es do ministro da Fazenda, Joaquim Levy, para tentar criar fatos positivos em rela\u00e7\u00e3o ao Brasil. Debru\u00e7ados sobre os n\u00fameros do pa\u00eds, boa parte deles t\u00eam a clara no\u00e7\u00e3o de que 2015 ser\u00e1 muito pior do que imaginavam. Duas palavras que muitos insistiam em deixar de [&hellip;]<\/p>\n","protected":false},"author":22,"featured_media":0,"comment_status":"open","ping_status":"open","sticky":false,"template":"","format":"standard","meta":{"wpb_read_more":[],"footnotes":""},"categories":[1],"tags":[],"class_list":["post-9","post","type-post","status-publish","format-standard","hentry","category-sem-categoria"],"_links":{"self":[{"href":"https:\/\/blogs2.correiobraziliense.com.br\/vicente\/wp-json\/wp\/v2\/posts\/9","targetHints":{"allow":["GET"]}}],"collection":[{"href":"https:\/\/blogs2.correiobraziliense.com.br\/vicente\/wp-json\/wp\/v2\/posts"}],"about":[{"href":"https:\/\/blogs2.correiobraziliense.com.br\/vicente\/wp-json\/wp\/v2\/types\/post"}],"author":[{"embeddable":true,"href":"https:\/\/blogs2.correiobraziliense.com.br\/vicente\/wp-json\/wp\/v2\/users\/22"}],"replies":[{"embeddable":true,"href":"https:\/\/blogs2.correiobraziliense.com.br\/vicente\/wp-json\/wp\/v2\/comments?post=9"}],"version-history":[{"count":0,"href":"https:\/\/blogs2.correiobraziliense.com.br\/vicente\/wp-json\/wp\/v2\/posts\/9\/revisions"}],"wp:attachment":[{"href":"https:\/\/blogs2.correiobraziliense.com.br\/vicente\/wp-json\/wp\/v2\/media?parent=9"}],"wp:term":[{"taxonomy":"category","embeddable":true,"href":"https:\/\/blogs2.correiobraziliense.com.br\/vicente\/wp-json\/wp\/v2\/categories?post=9"},{"taxonomy":"post_tag","embeddable":true,"href":"https:\/\/blogs2.correiobraziliense.com.br\/vicente\/wp-json\/wp\/v2\/tags?post=9"}],"curies":[{"name":"wp","href":"https:\/\/api.w.org\/{rel}","templated":true}]}}