{"id":90,"date":"2015-04-16T00:01:00","date_gmt":"2015-04-16T03:01:00","guid":{"rendered":"https:\/\/blogs2.correiobraziliense.com.br\/vicente\/no_coracao_do_planalto\/"},"modified":"2015-04-16T00:01:00","modified_gmt":"2015-04-16T03:01:00","slug":"no_coracao_do_planalto","status":"publish","type":"post","link":"https:\/\/blogs2.correiobraziliense.com.br\/vicente\/no_coracao_do_planalto\/","title":{"rendered":"NO CORA\u00c7\u00c3O DO PLANALTO"},"content":{"rendered":"\n<p>O governo vinha comemorando a forte recupera\u00e7\u00e3o das a\u00e7\u00f5es da Petrobras nas bolsas de valores \u2014 desde o fim de janeiro, os pap\u00e9is subiram quase 60% \u2014, acreditando que o impacto do esc\u00e2ndalo da corrup\u00e7\u00e3o que tragou a estatal come\u00e7ava a diminuir. Mas foi nocauteado ontem pela pris\u00e3o de Jo\u00e3o Vaccari Neto, tesoureiro do PT, pela Pol\u00edcia Federal, fato que jogou novamente para dentro do Pal\u00e1cio do Planalto a maior crise j\u00e1 enfrentada pela presidente Dilma Rousseff. <\/p>\n<p>A tens\u00e3o \u00e9 grande. E h\u00e1 raz\u00e3o de sobra para isso. Por maiores que sejam os problemas econ\u00f4micos do pa\u00eds, por piores que sejam as rela\u00e7\u00f5es do governo com o Congresso, nada pode ser mais amea\u00e7ador para Dilma do que os desdobramentos da corrup\u00e7\u00e3o na Petrobras. A pris\u00e3o de Vaccari mostra que a Pol\u00edcia Federal e o Minist\u00e9rio P\u00fablico est\u00e3o se aproximando do alto escal\u00e3o do PT. <\/p>\n<p>Entre auxiliares de Dilma, ningu\u00e9m descarta a possibilidade de Vaccari optar pela dela\u00e7\u00e3o premiada. Ainda que, at\u00e9 agora, ele tenha rebatido as acusa\u00e7\u00f5es de que o PT recebeu caixa dois do esquema de corrup\u00e7\u00e3o na Petrobras, na pris\u00e3o, o discurso pode mudar, sobretudo se ele se sentir pressionado pela fam\u00edlia, que tamb\u00e9m est\u00e1 na mira da pol\u00edcia. A mulher dele foi interrogada ontem e a cunhada, acusada de movimentar dinheiro suspeito, est\u00e1 foragida. <\/p>\n<p>A mesma inquieta\u00e7\u00e3o que domina o governo \u00e9 percebida no mercado financeiro. Todos se perguntam quando surgir\u00e3o provas definitivas de envolvimento direto da presidente com o esc\u00e2ndalo da Petrobras. A avalia\u00e7\u00e3o dos analistas \u00e9 de que a PF e o Minist\u00e9rio P\u00fablico est\u00e3o dispostos a chegar aos cabe\u00e7as do maior esquema de corrup\u00e7\u00e3o do Brasil. Por isso, voltaram a cogitar a possibilidade de impeachment de Dilma, mesmo com a oposi\u00e7\u00e3o n\u00e3o demonstrando for\u00e7a suficiente para levar adiante um processo t\u00e3o doloroso para o pa\u00eds. <\/p>\n<p>Na avalia\u00e7\u00e3o de Jo\u00e3o Augusto de Castro Neves, da Eurasia Group, os riscos para o governo s\u00e3o grandes. Ele ressalta que a pris\u00e3o de Vaccari serve como forte lembrete de que o impacto pol\u00edtico e econ\u00f4mico do esc\u00e2ndalo da Petrobras pode detonar a presidente e a administra\u00e7\u00e3o dela. \u201cAl\u00e9m de abrandar o ritmo de investimento nos setores de petr\u00f3leo e de infraestrutura, derrubando o crescimento do pa\u00eds neste ano, as investiga\u00e7\u00f5es da Petrobras t\u00eam potencial para gerar um racha maior entre Dilma, o ex-presidente Lula e o PT \u201c, diz. <\/p>\n<p>O analista chama a aten\u00e7\u00e3o para o fato de as investiga\u00e7\u00f5es sobre corrup\u00e7\u00e3o estarem indo al\u00e9m da Petrobras. Na semana passada, descobriu-se que a quadrilha havia fincado ra\u00edzes no Minist\u00e9rio da Sa\u00fade e na Caixa Econ\u00f4mica Federal. Ontem, a pol\u00edcia come\u00e7ou a desvendar desvios no setor el\u00e9trico, mais precisamente na Eletronorte, subsidi\u00e1ria da Eletrobras. <\/p>\n<p>Infelizmente, ao que tudo indica, o pa\u00eds vai se surpreender com novas revela\u00e7\u00f5es de corrup\u00e7\u00e3o. A sensa\u00e7\u00e3o que se fica, a cada pris\u00e3o anunciada pela PF, \u00e9 a de que o governo se tornou um mar de desvios. Para onde quer que se olhe, a roubalheira est\u00e1 presente. N\u00e3o \u00e0 toa, o economista-chefe do Fundo Monet\u00e1rio Internacional (FMI), Olivier Blanchard, destacou, sem constrangimento, que a corrup\u00e7\u00e3o est\u00e1 travando o crescimento econ\u00f4mico do Brasil. Disse isso para jornalistas do mundo inteiro. Uma vergonha. <\/p>\n<p>Rombo do desemprego <\/p>\n<p>\u00bb O desemprego vai bater fundo na Previd\u00eancia Social neste ano e, sobretudo, em 2016. Como milhares de trabalhadores devem ser demitidos por causa da recess\u00e3o econ\u00f4mica, as receitas do Instituto Nacional do Seguro Social (INSS) tendem a cair. Pelos c\u00e1lculos do Minist\u00e9rio do Planejamento, o rombo em 2015 ser\u00e1 de R$ 66,7 bilh\u00f5es e, no ano que vem, de R$ 81 bilh\u00f5es. <\/p>\n<p>Nada de engana\u00e7\u00e3o <\/p>\n<p>\u00bb Antes de embarcar para Washington, onde participa de reuni\u00e3o do FMI, o ministro da Fazenda, Joaquim Levy, fez valer a determina\u00e7\u00e3o para a inclus\u00e3o da meta de superavit prim\u00e1rio de 2% do PIB no projeto da Lei de Diretrizes Or\u00e7ament\u00e1rias (LDO) de 2016, encaminhado ontem&nbsp; para o Congresso. Havia gente do governo pregando um n\u00famero menor, mais realista. <\/p>\n<p>Sem tr\u00e9gua na infla\u00e7\u00e3o <\/p>\n<p>\u00bb O IBGE divulga amanh\u00e3 a pr\u00e9via da infla\u00e7\u00e3o de abril. O IPCA-15 dever\u00e1 ficar em 1%, acumulando alta de 8,14% em 12 meses. O governo tentar\u00e1 destacar o lado positivo, a pequena desacelera\u00e7\u00e3o do \u00edndice, que havia cravado 1,24% em mar\u00e7o. Mas ser\u00e1 o quarto m\u00eas seguido de custo de vida em 1% ou mais. Segundo o Banco Central, para que a infla\u00e7\u00e3o fique no centro da meta, de 4,5%, \u00e9 preciso que os \u00edndices mensais girem em torno de 0,37%. <\/p>\n<p>R$ 38 milh\u00f5es para capacita\u00e7\u00e3o <\/p>\n<p>\u00bb A Ambev investir\u00e1 R$ 38 milh\u00f5es em programas de capacita\u00e7\u00e3o e treinamento em 2015, por meio da Universidade Ambev, plataforma que re\u00fane cursos externos e na companhia destinados a profissionais de todos os n\u00edveis hier\u00e1rquicos. Os treinamentos abrangem as \u00e1reas de vendas, fabril, marketing, log\u00edstica, administrativa e financeira. <\/p>\n<p>Bras\u00edlia, 00h01min   <\/p>\n","protected":false},"excerpt":{"rendered":"<p>O governo vinha comemorando a forte recupera\u00e7\u00e3o das a\u00e7\u00f5es da Petrobras nas bolsas de valores \u2014 desde o fim de janeiro, os pap\u00e9is subiram quase 60% \u2014, acreditando que o impacto do esc\u00e2ndalo da corrup\u00e7\u00e3o que tragou a estatal come\u00e7ava a diminuir. Mas foi nocauteado ontem pela pris\u00e3o de Jo\u00e3o Vaccari Neto, tesoureiro do PT, [&hellip;]<\/p>\n","protected":false},"author":22,"featured_media":0,"comment_status":"open","ping_status":"open","sticky":false,"template":"","format":"standard","meta":{"wpb_read_more":[],"footnotes":""},"categories":[1],"tags":[],"class_list":["post-90","post","type-post","status-publish","format-standard","hentry","category-sem-categoria"],"_links":{"self":[{"href":"https:\/\/blogs2.correiobraziliense.com.br\/vicente\/wp-json\/wp\/v2\/posts\/90","targetHints":{"allow":["GET"]}}],"collection":[{"href":"https:\/\/blogs2.correiobraziliense.com.br\/vicente\/wp-json\/wp\/v2\/posts"}],"about":[{"href":"https:\/\/blogs2.correiobraziliense.com.br\/vicente\/wp-json\/wp\/v2\/types\/post"}],"author":[{"embeddable":true,"href":"https:\/\/blogs2.correiobraziliense.com.br\/vicente\/wp-json\/wp\/v2\/users\/22"}],"replies":[{"embeddable":true,"href":"https:\/\/blogs2.correiobraziliense.com.br\/vicente\/wp-json\/wp\/v2\/comments?post=90"}],"version-history":[{"count":0,"href":"https:\/\/blogs2.correiobraziliense.com.br\/vicente\/wp-json\/wp\/v2\/posts\/90\/revisions"}],"wp:attachment":[{"href":"https:\/\/blogs2.correiobraziliense.com.br\/vicente\/wp-json\/wp\/v2\/media?parent=90"}],"wp:term":[{"taxonomy":"category","embeddable":true,"href":"https:\/\/blogs2.correiobraziliense.com.br\/vicente\/wp-json\/wp\/v2\/categories?post=90"},{"taxonomy":"post_tag","embeddable":true,"href":"https:\/\/blogs2.correiobraziliense.com.br\/vicente\/wp-json\/wp\/v2\/tags?post=90"}],"curies":[{"name":"wp","href":"https:\/\/api.w.org\/{rel}","templated":true}]}}