{"id":901,"date":"2016-05-06T00:28:27","date_gmt":"2016-05-06T03:28:27","guid":{"rendered":"https:\/\/blogs2.correiobraziliense.com.br\/vicente\/?p=901"},"modified":"2016-05-06T00:28:27","modified_gmt":"2016-05-06T03:28:27","slug":"tchau-querido","status":"publish","type":"post","link":"https:\/\/blogs2.correiobraziliense.com.br\/vicente\/tchau-querido\/","title":{"rendered":"TCHAU, QUERIDO"},"content":{"rendered":"<p>Foram necess\u00e1rio seis meses para tomar a decis\u00e3o, mas, para o bem geral da Na\u00e7\u00e3o, finalmente, o Supremo Tribunal Federal (STF) suspendeu ontem, por unanimidade, o mandato de Eduardo Cunha e o afastou da Presid\u00eancia da C\u00e2mara dos Deputados. Com o impeachment da presidente Dilma Rousseff prestes a ser aprovado pelo Senado, n\u00e3o havia mais como a maior Corte do pa\u00eds permitir que uma pessoa acusada de tantos crimes continuasse ocupando um cargo t\u00e3o importante. Pior, operando nos bastidores para dar as cartas em um governo que est\u00e1 prestes a tomar posse.<\/p>\n<p>&nbsp;<\/p>\n<p>A grande preocupa\u00e7\u00e3o dos agentes econ\u00f4micos, daqui por diante, \u00e9 saber como se encaminhar\u00e3o as medidas que est\u00e3o para ser votadas na C\u00e2mara sem Cunha no comando. A mais urgente delas \u00e9 a mudan\u00e7a da meta fiscal deste ano, de superavit de R$ 24 bilh\u00f5es para deficit de R$ 96,6 bilh\u00f5es. Ao mesmo tempo em que se livrou de um peso pol\u00edtico, o vice-presidente Michel Temer, que poder\u00e1 substituir Dilma j\u00e1 na pr\u00f3xima semana, ter\u00e1 que contar com o apoio quase integral dos aliados de Cunha para viabilizar sua administra\u00e7\u00e3o.<\/p>\n<p>&nbsp;<\/p>\n<p>Como bem ressalta um experiente observador pol\u00edtico, o afastamento de Cunha tanto facilita quanto dificulta a vida de Temer. Com o deputado no comando da C\u00e2mara, certamente os projetos de interesse do vice andariam mais r\u00e1pido, mas o pre\u00e7o a ser pago seria alto demais. Com quase 200 parlamentares sob seu comando, Cunha tomaria de assalto o governo, a ponto de transformar Temer em um presidente decorativo, assim como foi um vice decorativo de Dilma. O deputado afastado estava certo de que teria espa\u00e7o preponderante na futura administra\u00e7\u00e3o peemedebista.<\/p>\n<p>&nbsp;<\/p>\n<p>J\u00e1 com outro parlamentar na Presid\u00eancia da C\u00e2mara, os projetos com os quais Temer conta para resgatar a confian\u00e7a do pa\u00eds podem n\u00e3o andar na velocidade desejada. Contudo, a fatura a ser entregue ao Pal\u00e1cio do Planalto ser\u00e1 bem menor. N\u00e3o se imagina que o substituto de Cunha, seja quem for, tenha a voracidade dele para tirar proveito da m\u00e1quina p\u00fablica em benef\u00edcio pr\u00f3prio. Nesse quesito, Cunha \u00e9 quase imbat\u00edvel. S\u00f3 se compara aos caciques do PT, que, nos \u00faltimos 13 anos, comandaram, na vis\u00e3o da Procuradoria-Geral da Rep\u00fablica, uma verdadeira organiza\u00e7\u00e3o criminosa.<\/p>\n<p>&nbsp;<\/p>\n<p><b>Amea\u00e7a constante<\/b><\/p>\n<p>&nbsp;<\/p>\n<p>Est\u00e1 claro, por\u00e9m, que, mesmo punido pelo STF, Cunha n\u00e3o deixar\u00e1 de atuar nas sombras para tentar manter sua influ\u00eancia. Desde o momento em que recebeu a notifica\u00e7\u00e3o de que seu mandato havia sido suspenso, tratou de montar uma rede que lhe permitir\u00e1 continuar dando as cartas na C\u00e2mara. Cunha sabe os podres de muitos parlamentares e usar\u00e1 as informa\u00e7\u00f5es para manipular vota\u00e7\u00f5es e obter vantagens. N\u00e3o deixar\u00e1 Temer livre para fazer o que quiser. Tudo indica que o vice ainda submeter\u00e1 muitas de suas decis\u00f5es ao deputado afastado.<\/p>\n<p>&nbsp;<\/p>\n<p>A aliados, Temer admite que, do ponto de vista de imagem, a retirada de Cunha da Presid\u00eancia da C\u00e2mara \u00e9 boa, j\u00e1 que a grande maioria dos eleitores os associam. O vice sabe, tamb\u00e9m, que desprezar o deputado afastado pode lhe custar o mandato. N\u00e3o se deve esquecer que, por determina\u00e7\u00e3o do ministro Marco Aur\u00e9lio Mello, do Supremo, Cunha foi obrigado a acatar um pedido de impeachment contra Temer. Se perceber que foi tra\u00eddo, o deputado afastado pode usar toda s sua influ\u00eancia para convencer aliados a retirarem o processo da gaveta.<\/p>\n<p>&nbsp;<\/p>\n<p>N\u00e3o por acaso, os investidores mant\u00eam em 35% as chances de Temer n\u00e3o terminar o mandato. Al\u00e9m do fantasma de Cunha, o Superior Tribunal Eleitoral (TSE) pode cassar a chapa que elegeu Dilma. As investiga\u00e7\u00f5es sobre poss\u00edveis irregularidades na campanha \u00e0 reelei\u00e7\u00e3o da petista est\u00e3o a todo vapor. \u201cTemos um poss\u00edvel presidente caminhando na corda bamba. Por isso, ele n\u00e3o poder\u00e1 jogar Cunha aos le\u00f5es. Ter\u00e1, ao mesmo tempo, que manter dist\u00e2ncia do deputado afastado pelo Supremo e ado\u00e7ar a boca dele, fazendo uma s\u00e9rie de concess\u00f5es. N\u00e3o ser\u00e1 f\u00e1cil\u201d, ressalta um integrante da equipe do vice.<\/p>\n<p>&nbsp;<\/p>\n<p><b>Limpeza \u00e9tica<\/b><\/p>\n<p>&nbsp;<\/p>\n<p>A decis\u00e3o do Supremo em rela\u00e7\u00e3o a Cunha animou os investigadores da Lava-Jato. Eles acreditam que aumentaram as chances de o deputado, que ainda mant\u00e9m foro privilegiado, ser preso, assim como a mulher e a filha dele. Policiais federais e procuradores estavam inconformados com a demora do STF em suspender o mandato do parlamentar. Eles alegam que n\u00e3o d\u00e1 para falar em uma limpeza geral do Congresso. O que se tentar\u00e1 \u00e9 levar o m\u00e1ximo de pol\u00edticos corruptos para a cadeia.<\/p>\n<p>&nbsp;<\/p>\n<p>Os investigadores da Lava-Jato avisam que ainda h\u00e1 muita coisa para ser desvendada sobre a corrup\u00e7\u00e3o que devastou o caixa da Petrobras. E as revela\u00e7\u00f5es v\u00e3o atingir o Congresso e o governo. Portanto, quem se aproveitou da rede de propina sustentada pelas grandes empreiteiras deve se preparar. O recado vale, inclusive, para o presidente interino da C\u00e2mara, Waldir Maranh\u00e3o, do PP, que est\u00e1 citado nas investiga\u00e7\u00f5es, e para o presidente do Senado, Renan Calheiros.<\/p>\n<p>&nbsp;<\/p>\n<p>Tempos emocionantes est\u00e3o por vir. Mas o momento, agora, \u00e9 de celebrar a limpeza \u00e9tica pela qual o pa\u00eds est\u00e1 passando. A decis\u00e3o do Supremo foi o primeiro passo para expurgar, de vez, Cunha e seus asseclas da vida p\u00fablica.<\/p>\n<p>&nbsp;<\/p>\n<p>Bras\u00edlia, 00h28min<\/p>\n","protected":false},"excerpt":{"rendered":"<p>Foram necess\u00e1rio seis meses para tomar a decis\u00e3o, mas, para o bem geral da Na\u00e7\u00e3o, finalmente, o Supremo Tribunal Federal (STF) suspendeu ontem, por unanimidade, o mandato de Eduardo Cunha e o afastou da Presid\u00eancia da C\u00e2mara dos Deputados. Com o impeachment da presidente Dilma Rousseff prestes a ser aprovado pelo Senado, n\u00e3o havia mais [&hellip;]<\/p>\n","protected":false},"author":22,"featured_media":0,"comment_status":"open","ping_status":"closed","sticky":false,"template":"","format":"standard","meta":{"wpb_read_more":[],"footnotes":""},"categories":[1],"tags":[],"class_list":["post-901","post","type-post","status-publish","format-standard","hentry","category-sem-categoria"],"_links":{"self":[{"href":"https:\/\/blogs2.correiobraziliense.com.br\/vicente\/wp-json\/wp\/v2\/posts\/901","targetHints":{"allow":["GET"]}}],"collection":[{"href":"https:\/\/blogs2.correiobraziliense.com.br\/vicente\/wp-json\/wp\/v2\/posts"}],"about":[{"href":"https:\/\/blogs2.correiobraziliense.com.br\/vicente\/wp-json\/wp\/v2\/types\/post"}],"author":[{"embeddable":true,"href":"https:\/\/blogs2.correiobraziliense.com.br\/vicente\/wp-json\/wp\/v2\/users\/22"}],"replies":[{"embeddable":true,"href":"https:\/\/blogs2.correiobraziliense.com.br\/vicente\/wp-json\/wp\/v2\/comments?post=901"}],"version-history":[{"count":1,"href":"https:\/\/blogs2.correiobraziliense.com.br\/vicente\/wp-json\/wp\/v2\/posts\/901\/revisions"}],"predecessor-version":[{"id":902,"href":"https:\/\/blogs2.correiobraziliense.com.br\/vicente\/wp-json\/wp\/v2\/posts\/901\/revisions\/902"}],"wp:attachment":[{"href":"https:\/\/blogs2.correiobraziliense.com.br\/vicente\/wp-json\/wp\/v2\/media?parent=901"}],"wp:term":[{"taxonomy":"category","embeddable":true,"href":"https:\/\/blogs2.correiobraziliense.com.br\/vicente\/wp-json\/wp\/v2\/categories?post=901"},{"taxonomy":"post_tag","embeddable":true,"href":"https:\/\/blogs2.correiobraziliense.com.br\/vicente\/wp-json\/wp\/v2\/tags?post=901"}],"curies":[{"name":"wp","href":"https:\/\/api.w.org\/{rel}","templated":true}]}}