{"id":9041,"date":"2018-08-24T12:46:19","date_gmt":"2018-08-24T15:46:19","guid":{"rendered":"https:\/\/blogs2.correiobraziliense.com.br\/vicente\/?p=9041"},"modified":"2018-08-24T12:50:48","modified_gmt":"2018-08-24T15:50:48","slug":"inss-pagara-r-633-bilhoes-do-13o-aos-aposentados-e-pensionistas-na-segunda","status":"publish","type":"post","link":"https:\/\/blogs2.correiobraziliense.com.br\/vicente\/inss-pagara-r-633-bilhoes-do-13o-aos-aposentados-e-pensionistas-na-segunda\/","title":{"rendered":"INSS pagar\u00e1 R$ 63,3 bi do 13\u00ba aos aposentados e pensionistas na segunda"},"content":{"rendered":"<h2>HAMILTON FERRARI<\/h2>\n<h2>Os aposentados e pensionistas come\u00e7ar\u00e3o a receber, nesta segunda-feira (27\/8), a primeira parcela da antecipa\u00e7\u00e3o do 13\u00ba dos benef\u00edcios pagos pelo Instituto Nacional do Seguro Social (INSS). Segundo o \u00f3rg\u00e3o, ser\u00e3o transferidos 34.730.284 abonos ao todo, contabilizando R$ 63,3 bilh\u00f5es.<\/h2>\n<p>&nbsp;<\/p>\n<p>Do total, ser\u00e3o pagos R$ 709,5 milh\u00f5es no Distrito Federal. T\u00eam direito \u00e0 primeira parcela do abono anual os benefici\u00e1rios do INSS que recebem aposentadoria, pens\u00e3o por morte, aux\u00edlio-doen\u00e7a, aux\u00edlio-acidente, aux\u00edlio-reclus\u00e3o ou sal\u00e1rio-maternidade.<\/p>\n<p>&nbsp;<\/p>\n<p>\u201cPara aqueles que come\u00e7aram a receber o benef\u00edcio recentemente, est\u00e3o em aux\u00edlio doen\u00e7a ou recebem sal\u00e1rio maternidade, o valor do abono anual ser\u00e1 proporcional ao per\u00edodo de vig\u00eancia do benef\u00edcio\u201d, alertou o INSS, em comunicado \u00e0 imprensa.<\/p>\n<p>&nbsp;<\/p>\n<p>A primeira parcela do abono anual n\u00e3o ter\u00e1 desconto do Imposto de Renda (IR). Esse desconto, conforme a Lei, s\u00f3 ocorre no pagamento da segunda parcela do 13\u00ba, que ser\u00e1 a partir de novembro. \u201c\u00c9 importante destacar que as pessoas que recebem benef\u00edcios assistenciais (Benef\u00edcio de Presta\u00e7\u00e3o Continuada da Lei Org\u00e2nica da Assist\u00eancia Social \u2013 BPC\/LOAS e Renda Mensal Vital\u00edcia \u2013 RMV) n\u00e3o t\u00eam direito ao abono anual\u201d, ressaltou o \u00f3rg\u00e3o.<\/p>\n<p>&nbsp;<\/p>\n<p><em>Bras\u00edlia, 12h44min<\/em><\/p>\n","protected":false},"excerpt":{"rendered":"<p>HAMILTON FERRARI Os aposentados e pensionistas come\u00e7ar\u00e3o a receber, nesta segunda-feira (27\/8), a primeira parcela da antecipa\u00e7\u00e3o do 13\u00ba dos benef\u00edcios pagos pelo Instituto Nacional do Seguro Social (INSS). Segundo o \u00f3rg\u00e3o, ser\u00e3o transferidos 34.730.284 abonos ao todo, contabilizando R$ 63,3 bilh\u00f5es. &nbsp; Do total, ser\u00e3o pagos R$ 709,5 milh\u00f5es no Distrito Federal. T\u00eam direito [&hellip;]<\/p>\n","protected":false},"author":22,"featured_media":0,"comment_status":"open","ping_status":"closed","sticky":false,"template":"","format":"standard","meta":{"wpb_read_more":[],"footnotes":""},"categories":[600],"tags":[3600,430,410,408,411],"class_list":["post-9041","post","type-post","status-publish","format-standard","hentry","category-economia","tag-abono","tag-aposentadoria","tag-aposentados","tag-inss","tag-pensionistas"],"_links":{"self":[{"href":"https:\/\/blogs2.correiobraziliense.com.br\/vicente\/wp-json\/wp\/v2\/posts\/9041","targetHints":{"allow":["GET"]}}],"collection":[{"href":"https:\/\/blogs2.correiobraziliense.com.br\/vicente\/wp-json\/wp\/v2\/posts"}],"about":[{"href":"https:\/\/blogs2.correiobraziliense.com.br\/vicente\/wp-json\/wp\/v2\/types\/post"}],"author":[{"embeddable":true,"href":"https:\/\/blogs2.correiobraziliense.com.br\/vicente\/wp-json\/wp\/v2\/users\/22"}],"replies":[{"embeddable":true,"href":"https:\/\/blogs2.correiobraziliense.com.br\/vicente\/wp-json\/wp\/v2\/comments?post=9041"}],"version-history":[{"count":3,"href":"https:\/\/blogs2.correiobraziliense.com.br\/vicente\/wp-json\/wp\/v2\/posts\/9041\/revisions"}],"predecessor-version":[{"id":9045,"href":"https:\/\/blogs2.correiobraziliense.com.br\/vicente\/wp-json\/wp\/v2\/posts\/9041\/revisions\/9045"}],"wp:attachment":[{"href":"https:\/\/blogs2.correiobraziliense.com.br\/vicente\/wp-json\/wp\/v2\/media?parent=9041"}],"wp:term":[{"taxonomy":"category","embeddable":true,"href":"https:\/\/blogs2.correiobraziliense.com.br\/vicente\/wp-json\/wp\/v2\/categories?post=9041"},{"taxonomy":"post_tag","embeddable":true,"href":"https:\/\/blogs2.correiobraziliense.com.br\/vicente\/wp-json\/wp\/v2\/tags?post=9041"}],"curies":[{"name":"wp","href":"https:\/\/api.w.org\/{rel}","templated":true}]}}