{"id":909,"date":"2016-05-06T18:43:54","date_gmt":"2016-05-06T21:43:54","guid":{"rendered":"https:\/\/blogs2.correiobraziliense.com.br\/vicente\/?p=909"},"modified":"2016-05-06T18:43:54","modified_gmt":"2016-05-06T21:43:54","slug":"justica-ve-irregularidades-no-banco-pan","status":"publish","type":"post","link":"https:\/\/blogs2.correiobraziliense.com.br\/vicente\/justica-ve-irregularidades-no-banco-pan\/","title":{"rendered":"JUSTI\u00c7A V\u00ca IRREGULARIDADES NO BANCO PAN E IMP\u00d5E MULTA DE R$ 14 MILH\u00d5ES"},"content":{"rendered":"<p>POR RODOLFO COSTA<\/p>\n<p>&nbsp;<\/p>\n<p>O Banco Pan est\u00e1 na mira do Minist\u00e9rio P\u00fablico do Distrito Federal. A 4\u00aa Promotoria de Justi\u00e7a de Defesa do Consumidor (Prodecon) ajuizou ontem a\u00e7\u00e3o civil p\u00fablica contra a institui\u00e7\u00e3o financeira, que, at\u00e9 bem pouco tempo, se chamava Banco Panamericano, por pr\u00e1ticas de condutas que \u201cafrontam o C\u00f3digo de Defesa do Consumidor\u201d.<\/p>\n<p>&nbsp;<\/p>\n<p>O Prodecon acusa o Banco Pan de impor obst\u00e1culos para a antecipa\u00e7\u00e3o de quita\u00e7\u00e3o de d\u00edvidas, al\u00e9m de cobran\u00e7as indevidas, aus\u00eancia de fornecimento de contratos aos consumidores, envio de cart\u00e3o de cr\u00e9dito sem a solicita\u00e7\u00e3o do cliente e restri\u00e7\u00f5es \u00e0 portabilidade de cr\u00e9dito.<\/p>\n<p>&nbsp;<\/p>\n<p>Ao longo de cinco anos, o Procon do Distrito Federal (Procon-DF) registrou 2.232 reclama\u00e7\u00f5es de consumidores contra o Banco Pan. As queixas foram encaminhadas \u00e0 Prodecon, que buscou di\u00e1logo com a institui\u00e7\u00e3o antes de abrir a a\u00e7\u00e3o civil, afirma o promotor de Justi\u00e7a Guilherme Fernandes Neto. \u201cTentamos chegar a um acordo, mas n\u00e3o conseguimos. Agora, esperamos respostas\u201d, disse. No processo, a institui\u00e7\u00e3o financeira foi condenada ao pagamento de indeniza\u00e7\u00e3o por danos morais coletivos no valor de R$ 14 milh\u00f5es.<\/p>\n<p>&nbsp;<\/p>\n<p>A a\u00e7\u00e3o civil p\u00fablica foi distribu\u00edda para a 25\u00aa Vara C\u00edvel da Circunscri\u00e7\u00e3o Especial Judici\u00e1ria de Bras\u00edlia. A promotoria tamb\u00e9m espera que o Banco Pan ponha fim \u00e0s condutas que motivaram o processo e restitua em dobro os valores de parcelas debitadas indevidamente dos consumidores.<\/p>\n<p>&nbsp;<\/p>\n<p>Em nota, o Banco Pan informou que \u201cdesconhece a a\u00e7\u00e3o mencionada e refor\u00e7a seu compromisso de cumprir fielmente o C\u00f3digo de Defesa do Consumidor.\u201d<\/p>\n<p>&nbsp;<\/p>\n<p><em>Bras\u00edlia, 18h43min<\/em><\/p>\n","protected":false},"excerpt":{"rendered":"<p>POR RODOLFO COSTA &nbsp; O Banco Pan est\u00e1 na mira do Minist\u00e9rio P\u00fablico do Distrito Federal. A 4\u00aa Promotoria de Justi\u00e7a de Defesa do Consumidor (Prodecon) ajuizou ontem a\u00e7\u00e3o civil p\u00fablica contra a institui\u00e7\u00e3o financeira, que, at\u00e9 bem pouco tempo, se chamava Banco Panamericano, por pr\u00e1ticas de condutas que \u201cafrontam o C\u00f3digo de Defesa do [&hellip;]<\/p>\n","protected":false},"author":22,"featured_media":0,"comment_status":"open","ping_status":"closed","sticky":false,"template":"","format":"standard","meta":{"wpb_read_more":[],"footnotes":""},"categories":[1],"tags":[],"class_list":["post-909","post","type-post","status-publish","format-standard","hentry","category-sem-categoria"],"_links":{"self":[{"href":"https:\/\/blogs2.correiobraziliense.com.br\/vicente\/wp-json\/wp\/v2\/posts\/909","targetHints":{"allow":["GET"]}}],"collection":[{"href":"https:\/\/blogs2.correiobraziliense.com.br\/vicente\/wp-json\/wp\/v2\/posts"}],"about":[{"href":"https:\/\/blogs2.correiobraziliense.com.br\/vicente\/wp-json\/wp\/v2\/types\/post"}],"author":[{"embeddable":true,"href":"https:\/\/blogs2.correiobraziliense.com.br\/vicente\/wp-json\/wp\/v2\/users\/22"}],"replies":[{"embeddable":true,"href":"https:\/\/blogs2.correiobraziliense.com.br\/vicente\/wp-json\/wp\/v2\/comments?post=909"}],"version-history":[{"count":1,"href":"https:\/\/blogs2.correiobraziliense.com.br\/vicente\/wp-json\/wp\/v2\/posts\/909\/revisions"}],"predecessor-version":[{"id":910,"href":"https:\/\/blogs2.correiobraziliense.com.br\/vicente\/wp-json\/wp\/v2\/posts\/909\/revisions\/910"}],"wp:attachment":[{"href":"https:\/\/blogs2.correiobraziliense.com.br\/vicente\/wp-json\/wp\/v2\/media?parent=909"}],"wp:term":[{"taxonomy":"category","embeddable":true,"href":"https:\/\/blogs2.correiobraziliense.com.br\/vicente\/wp-json\/wp\/v2\/categories?post=909"},{"taxonomy":"post_tag","embeddable":true,"href":"https:\/\/blogs2.correiobraziliense.com.br\/vicente\/wp-json\/wp\/v2\/tags?post=909"}],"curies":[{"name":"wp","href":"https:\/\/api.w.org\/{rel}","templated":true}]}}