{"id":911,"date":"2016-05-06T23:44:02","date_gmt":"2016-05-07T02:44:02","guid":{"rendered":"https:\/\/blogs2.correiobraziliense.com.br\/vicente\/?p=911"},"modified":"2016-05-06T23:44:02","modified_gmt":"2016-05-07T02:44:02","slug":"eleicoes-na-funcef","status":"publish","type":"post","link":"https:\/\/blogs2.correiobraziliense.com.br\/vicente\/eleicoes-na-funcef\/","title":{"rendered":"ELEI\u00c7\u00d5ES NA FUNCEF"},"content":{"rendered":"<p>\u00bb Sete chapas est\u00e3o na disputa pelo comando da Funcef, o fundo de pens\u00e3o dos empregados da Caixa Econ\u00f4mica Federal, que acumula deficit superior a R$ 13 bilh\u00f5es. Nos \u00faltimos anos, a funda\u00e7\u00e3o esteve sob o comando do PT.<\/p>\n<p>&nbsp;<\/p>\n<p><b>Risco de aparelhamento<\/b><\/p>\n<p>&nbsp;<\/p>\n<p>\u00bb Teme-se, por\u00e9m, que o aparelhamento pol\u00edtico na Funcef continue prevalecendo em detrimento de 137 mil benefici\u00e1rios. A funda\u00e7\u00e3o precisa, urgentemente, de uma gest\u00e3o profissional. Reverter o rombo no caixa levar\u00e1 tempo.<\/p>\n","protected":false},"excerpt":{"rendered":"<p>\u00bb Sete chapas est\u00e3o na disputa pelo comando da Funcef, o fundo de pens\u00e3o dos empregados da Caixa Econ\u00f4mica Federal, que acumula deficit superior a R$ 13 bilh\u00f5es. Nos \u00faltimos anos, a funda\u00e7\u00e3o esteve sob o comando do PT. &nbsp; Risco de aparelhamento &nbsp; \u00bb Teme-se, por\u00e9m, que o aparelhamento pol\u00edtico na Funcef continue prevalecendo [&hellip;]<\/p>\n","protected":false},"author":22,"featured_media":0,"comment_status":"open","ping_status":"closed","sticky":false,"template":"","format":"standard","meta":{"wpb_read_more":[],"footnotes":""},"categories":[1],"tags":[],"class_list":["post-911","post","type-post","status-publish","format-standard","hentry","category-sem-categoria"],"_links":{"self":[{"href":"https:\/\/blogs2.correiobraziliense.com.br\/vicente\/wp-json\/wp\/v2\/posts\/911","targetHints":{"allow":["GET"]}}],"collection":[{"href":"https:\/\/blogs2.correiobraziliense.com.br\/vicente\/wp-json\/wp\/v2\/posts"}],"about":[{"href":"https:\/\/blogs2.correiobraziliense.com.br\/vicente\/wp-json\/wp\/v2\/types\/post"}],"author":[{"embeddable":true,"href":"https:\/\/blogs2.correiobraziliense.com.br\/vicente\/wp-json\/wp\/v2\/users\/22"}],"replies":[{"embeddable":true,"href":"https:\/\/blogs2.correiobraziliense.com.br\/vicente\/wp-json\/wp\/v2\/comments?post=911"}],"version-history":[{"count":1,"href":"https:\/\/blogs2.correiobraziliense.com.br\/vicente\/wp-json\/wp\/v2\/posts\/911\/revisions"}],"predecessor-version":[{"id":912,"href":"https:\/\/blogs2.correiobraziliense.com.br\/vicente\/wp-json\/wp\/v2\/posts\/911\/revisions\/912"}],"wp:attachment":[{"href":"https:\/\/blogs2.correiobraziliense.com.br\/vicente\/wp-json\/wp\/v2\/media?parent=911"}],"wp:term":[{"taxonomy":"category","embeddable":true,"href":"https:\/\/blogs2.correiobraziliense.com.br\/vicente\/wp-json\/wp\/v2\/categories?post=911"},{"taxonomy":"post_tag","embeddable":true,"href":"https:\/\/blogs2.correiobraziliense.com.br\/vicente\/wp-json\/wp\/v2\/tags?post=911"}],"curies":[{"name":"wp","href":"https:\/\/api.w.org\/{rel}","templated":true}]}}