{"id":915,"date":"2016-05-09T13:53:09","date_gmt":"2016-05-09T16:53:09","guid":{"rendered":"https:\/\/blogs2.correiobraziliense.com.br\/vicente\/?p=915"},"modified":"2016-05-09T13:53:09","modified_gmt":"2016-05-09T16:53:09","slug":"para-equipe-economica-confusoes-sobre-o-impeachment-ajudam-afundar-economia","status":"publish","type":"post","link":"https:\/\/blogs2.correiobraziliense.com.br\/vicente\/para-equipe-economica-confusoes-sobre-o-impeachment-ajudam-afundar-economia\/","title":{"rendered":"PARA EQUIPE ECON\u00d4MICA, CONFUS\u00d5ES SOBRE O IMPEACHMENT AJUDAM A AFUNDAR A ECONOMIA"},"content":{"rendered":"<p>Integrantes da equipe econ\u00f4mica admitem que a confus\u00e3o criada pelo presidente interino da C\u00e2mara dos Deputados, Waldir Maranh\u00e3o (PP), prejudica muito a economia. Al\u00e9m de criar ru\u00eddos desnecess\u00e1rios, a medida ressuscita o temor de fragilidade das leis e amplia a desconfian\u00e7a em rela\u00e7\u00e3o \u00e0 presidente Dilma Rousseff.<\/p>\n<p>&nbsp;<\/p>\n<p>Vinha se desenhando um quadro de otimismo para a economia, com a perspectiva de Dilma ser afastada do cargo ainda nesta semana pelo Senado. Mas tudo pode mudar caso se prolongue a perman\u00eancia na petista no poder. Dilma n\u00e3o tem mais credibilidade entre os agentes econ\u00f4micos para conduzir o pa\u00eds.<\/p>\n<p>&nbsp;<\/p>\n<p>Para t\u00e9cnicos do governo, com Dilma no comando do governo, o Brasil tende a mergulhar em uma profunda depress\u00e3o econ\u00f4mica. As estimativas apontam para queda de at\u00e9 6% do Produto Interno Bruto (PIB) neste ano. A situa\u00e7\u00e3o da economia \u00e9 t\u00e3o dram\u00e1tica, que, mesmo com o vice-presidente Michel Temer sucedendo a petista, o PIB ter\u00e1 contra\u00e7\u00e3o neste ano, pr\u00f3xima de 4%.<\/p>\n<p>&nbsp;<\/p>\n<p>Quanto mais demorar para que o pa\u00eds tenha clareza sobre o que realmente representa a decis\u00e3o de Maranh\u00e3o, pior ser\u00e1 o clima econ\u00f4mico. N\u00e3o h\u00e1, na cabe\u00e7a de empres\u00e1rios e investidores, nada que justifique a anula\u00e7\u00e3o de uma decis\u00e3o tomada pela maioria da C\u00e2mara.<\/p>\n<p>&nbsp;<\/p>\n<p>A confus\u00e3o \u00e9 tamanha, que a bolsa de valores despencou mais de 3% assim que os investidores tomaram conhecimento da decis\u00e3o de Maranh\u00e3o. O d\u00f3lar subiu quase 5%. Houve uma pequena melhora nesses n\u00fameros, mas o dia ser\u00e1 de tens\u00e3o e de muito preju\u00edzo.<\/p>\n<p>&nbsp;<\/p>\n<p><em>Bras\u00edlia, 13h50min<\/em><\/p>\n","protected":false},"excerpt":{"rendered":"<p>Integrantes da equipe econ\u00f4mica admitem que a confus\u00e3o criada pelo presidente interino da C\u00e2mara dos Deputados, Waldir Maranh\u00e3o (PP), prejudica muito a economia. Al\u00e9m de criar ru\u00eddos desnecess\u00e1rios, a medida ressuscita o temor de fragilidade das leis e amplia a desconfian\u00e7a em rela\u00e7\u00e3o \u00e0 presidente Dilma Rousseff. &nbsp; Vinha se desenhando um quadro de otimismo [&hellip;]<\/p>\n","protected":false},"author":22,"featured_media":0,"comment_status":"open","ping_status":"closed","sticky":false,"template":"","format":"standard","meta":{"wpb_read_more":[],"footnotes":""},"categories":[1],"tags":[],"class_list":["post-915","post","type-post","status-publish","format-standard","hentry","category-sem-categoria"],"_links":{"self":[{"href":"https:\/\/blogs2.correiobraziliense.com.br\/vicente\/wp-json\/wp\/v2\/posts\/915","targetHints":{"allow":["GET"]}}],"collection":[{"href":"https:\/\/blogs2.correiobraziliense.com.br\/vicente\/wp-json\/wp\/v2\/posts"}],"about":[{"href":"https:\/\/blogs2.correiobraziliense.com.br\/vicente\/wp-json\/wp\/v2\/types\/post"}],"author":[{"embeddable":true,"href":"https:\/\/blogs2.correiobraziliense.com.br\/vicente\/wp-json\/wp\/v2\/users\/22"}],"replies":[{"embeddable":true,"href":"https:\/\/blogs2.correiobraziliense.com.br\/vicente\/wp-json\/wp\/v2\/comments?post=915"}],"version-history":[{"count":1,"href":"https:\/\/blogs2.correiobraziliense.com.br\/vicente\/wp-json\/wp\/v2\/posts\/915\/revisions"}],"predecessor-version":[{"id":916,"href":"https:\/\/blogs2.correiobraziliense.com.br\/vicente\/wp-json\/wp\/v2\/posts\/915\/revisions\/916"}],"wp:attachment":[{"href":"https:\/\/blogs2.correiobraziliense.com.br\/vicente\/wp-json\/wp\/v2\/media?parent=915"}],"wp:term":[{"taxonomy":"category","embeddable":true,"href":"https:\/\/blogs2.correiobraziliense.com.br\/vicente\/wp-json\/wp\/v2\/categories?post=915"},{"taxonomy":"post_tag","embeddable":true,"href":"https:\/\/blogs2.correiobraziliense.com.br\/vicente\/wp-json\/wp\/v2\/tags?post=915"}],"curies":[{"name":"wp","href":"https:\/\/api.w.org\/{rel}","templated":true}]}}