{"id":9153,"date":"2018-09-15T06:41:59","date_gmt":"2018-09-15T09:41:59","guid":{"rendered":"https:\/\/blogs2.correiobraziliense.com.br\/vicente\/?p=9153"},"modified":"2018-09-15T20:51:03","modified_gmt":"2018-09-15T23:51:03","slug":"correio-economico-incertezas-das-eleicoes-afundam-economia","status":"publish","type":"post","link":"https:\/\/blogs2.correiobraziliense.com.br\/vicente\/correio-economico-incertezas-das-eleicoes-afundam-economia\/","title":{"rendered":"Correio Econ\u00f4mico: Incertezas das elei\u00e7\u00f5es afundam a economia"},"content":{"rendered":"<h2>As chances de recupera\u00e7\u00e3o da economia a curto prazo est\u00e3o cada vez menores. Esperava-se que o segundo semestre do ano fosse um per\u00edodo mais promissor para o consumo e a produ\u00e7\u00e3o, mas todos os n\u00fameros coletados at\u00e9 agora por especialistas mostram que o ritmo da atividade est\u00e1 no ch\u00e3o. As incertezas em rela\u00e7\u00e3o \u00e0s elei\u00e7\u00f5es ajudaram a minar as possibilidades de uma rea\u00e7\u00e3o. O Brasil est\u00e1 seriamente doente.<\/h2>\n<p>&nbsp;<\/p>\n<p>Na vis\u00e3o do economista-chefe do banco su\u00ed\u00e7o UBS, Tony Volpon, com base em todos os indicadores dispon\u00edveis, \u00e9 poss\u00edvel afirmar que o Brasil ainda n\u00e3o saiu da recess\u00e3o. Tecnicamente, o Instituto Brasileiro de Geografia e Estat\u00edsticas (IBGE) garante que o pa\u00eds voltou a crescer, ainda que muito lentamente. Mas, todos os sintomas de uma profunda recess\u00e3o, iniciada em 2014, est\u00e3o presentes quando se avalia a evolu\u00e7\u00e3o da atividade. Pelos c\u00e1lculos do economista, o Produto Interno Bruto (PIB) cresceu, em m\u00e9dia, 3,5% ao ano entre 1993 e 2010. De 2011 a 2017, o avan\u00e7o foi de apenas 0,5%. Ou seja, nada.<\/p>\n<p>&nbsp;<\/p>\n<blockquote><p>&#8220;As incertezas das elei\u00e7\u00f5es agravam ainda mais a crise econ\u00f4mica. Indicadores mostram que o Brasil continua mergulhado na recess\u00e3o e que o pr\u00f3ximo presidente dificilmente conseguir\u00e1 fazer o pa\u00eds crescer mais rapidamente&#8221;<\/p><\/blockquote>\n<p>&nbsp;<\/p>\n<p>Volpon explica que o conceito de grande recess\u00e3o foi criado em 2008, quando o mundo afundou depois do estouro da bolha imobili\u00e1ria dos Estados Unidos. Mesmo com os bancos centrais das principais economia do planeta tendo jogado as taxas de juros para pr\u00f3ximo de zero, ou praticado juros negativos, o crescimento n\u00e3o voltou na velocidade esperada. Isso pode ser visto, sobretudo, por meio dos elevados n\u00edveis de desemprego na Europa.<\/p>\n<p>&nbsp;<\/p>\n<p>No Brasil, a despeito de a taxa b\u00e1sica (Selic) estar no menor n\u00edvel da hist\u00f3ria, 6,50% ao ano, as vendas do varejo voltaram a encolher \u2014 em julho, ca\u00edram 0,5%, quando todo mundo esperava alta. Os consumidores est\u00e3o receosos em comprar a prazo temendo perderem o emprego mais \u00e0 frente. J\u00e1 os bancos reduzem o cr\u00e9dito \u00e0 clientela diante do risco de calote. Sem cr\u00e9dito, as engrenagens da economia permanecem travadas. Quadro ainda pior se mostra no setor de servi\u00e7os, que tombou 2,2% em julho.<\/p>\n<p>&nbsp;<\/p>\n<p><strong>Populismo<\/strong><\/p>\n<p>&nbsp;<\/p>\n<p>Volpon est\u00e1 convencido de que, dificilmente, o presidente eleito em outubro pr\u00f3ximo ter\u00e1 condi\u00e7\u00f5es de impulsionar o crescimento a partir de 2019, tamanho o estrago que se fez na economia. Para que o PIB cres\u00e7a acima de 3% ao ano, ser\u00e1 preciso um compromisso do governo com amplas reformas. Contudo, nenhum dos tr\u00eas candidatos mais bem posicionados nas pesquisas \u2014 Jair Bolsonaro (PSL), Fernando Haddad (PT) e Ciro Gomes (PDT) \u2014 demostra compromisso real com os ajustes que precisam ser feitos. N\u00e3o por acaso, as proje\u00e7\u00f5es para os indicadores econ\u00f4micos mostram um pa\u00eds em grave crise.<\/p>\n<p>&nbsp;<\/p>\n<p>Nos c\u00e1lculos do economista do UBS, que foi diretor de Assuntos Internacionais do Banco Central, levar\u00e1 pelo menos 20 anos para que o Brasil volte a ter uma rela\u00e7\u00e3o mais saud\u00e1vel entre a d\u00edvida p\u00fablica e o PIB. A perspectiva \u00e9 de que esse indicador, que est\u00e1 em 77%, continue crescendo, atingindo seu pico, de 82% do PIB, em 2022. Essa situa\u00e7\u00e3o, no entanto, pode piorar se o pr\u00f3ximo presidente abrir m\u00e3o do teto de gastos, que limita o crescimento das despesas \u00e0 infla\u00e7\u00e3o do ano anterior. H\u00e1, ainda, outro complicador: a Previd\u00eancia Social, que est\u00e1 consumindo um volume cada vez maior de recursos. Sem uma reforma do sistema de pens\u00e3o e aposentadorias, o teto dos gastos implodir\u00e1 antes mesmo que o governo tente derrub\u00e1-lo.<\/p>\n<p>&nbsp;<\/p>\n<p>\u201cO ideal, portanto, \u00e9 que o futuro presidente fa\u00e7a o dever de casa\u201d, diz Volpon. Contudo, se prevalecer o populismo propalado por alguns candidatos, o que j\u00e1 est\u00e1 ruim poder\u00e1 ficar ainda pior. \u201cSempre pode piorar. Veja o caso da Argentina\u201d, ressalta o economista. O pa\u00eds vizinho elegeu um presidente apoiado pelo mercado financeiro. Mas, ao optar por um ajuste gradual das contas p\u00fablicas e aceitar uma infla\u00e7\u00e3o alta demais, o governo argentino alimentou as desconfian\u00e7as que o levaram a jogar as taxas de juros para 40% ao ano e a pedir socorro ao Fundo Monet\u00e1rio Internacional (FMI).<\/p>\n<p>&nbsp;<\/p>\n<p><strong>Estelionato<\/strong><\/p>\n<p>&nbsp;<\/p>\n<p>Para Volpon, a se confirmar um segundo turno entre Bolsonaro e Haddad na disputa presidencial, qualquer um dos dois que vencer as elei\u00e7\u00f5es dar\u00e1 um estelionato eleitoral. Ele lembra que o candidato do PSL diz que n\u00e3o precisar\u00e1 do Congresso para fazer o que precisa ser feito. Mas, ele sabe que ter\u00e1 que fechar acordos que lhe garantam a governabilidade. No caso de Haddad, boa parte do programa econ\u00f4mico defendido por ele ficar\u00e1 apenas no discurso eleitoral. O petista sabe que a promessa de uma pol\u00edtica intervencionista \u00e9 apenas para agradar aos eleitores de seu partido. No Pal\u00e1cio do Planalto, optar\u00e1 pelo pragmatismo.<\/p>\n<p>&nbsp;<\/p>\n<p>O economista admite, ainda, que o fantasma do impeachment acompanhar\u00e1 de perto o futuro presidente. Portanto, ser\u00e1 preciso que o governo n\u00e3o flerte com estripulias, como fez Dilma Rousseff. \u00c9 importante ressaltar, tamb\u00e9m, que poss\u00edveis erros na gest\u00e3o do pa\u00eds v\u00e3o custar caro para a popula\u00e7\u00e3o. O desemprego aumentar\u00e1, assim como as desigualdades sociais. Como mostrou o Programa das Na\u00e7\u00f5es Unidas para o Desenvolvimento (Pnud), o desastre econ\u00f4mico dos \u00faltimos anos fez com que o pa\u00eds ficasse estagnado na 79\u00aa posi\u00e7\u00e3o do ranking que mede o \u00edndice de bem-estar, atr\u00e1s da Venezuela, um pa\u00eds em colapso. Sinal mais eloquente n\u00e3o h\u00e1.<\/p>\n<p>&nbsp;<\/p>\n<p><em>Bras\u00edlia, 06h41min<\/em><\/p>\n","protected":false},"excerpt":{"rendered":"<p>As chances de recupera\u00e7\u00e3o da economia a curto prazo est\u00e3o cada vez menores. Esperava-se que o segundo semestre do ano fosse um per\u00edodo mais promissor para o consumo e a produ\u00e7\u00e3o, mas todos os n\u00fameros coletados at\u00e9 agora por especialistas mostram que o ritmo da atividade est\u00e1 no ch\u00e3o. As incertezas em rela\u00e7\u00e3o \u00e0s elei\u00e7\u00f5es [&hellip;]<\/p>\n","protected":false},"author":22,"featured_media":0,"comment_status":"open","ping_status":"closed","sticky":false,"template":"","format":"standard","meta":{"wpb_read_more":[],"footnotes":""},"categories":[600],"tags":[],"class_list":["post-9153","post","type-post","status-publish","format-standard","hentry","category-economia"],"_links":{"self":[{"href":"https:\/\/blogs2.correiobraziliense.com.br\/vicente\/wp-json\/wp\/v2\/posts\/9153","targetHints":{"allow":["GET"]}}],"collection":[{"href":"https:\/\/blogs2.correiobraziliense.com.br\/vicente\/wp-json\/wp\/v2\/posts"}],"about":[{"href":"https:\/\/blogs2.correiobraziliense.com.br\/vicente\/wp-json\/wp\/v2\/types\/post"}],"author":[{"embeddable":true,"href":"https:\/\/blogs2.correiobraziliense.com.br\/vicente\/wp-json\/wp\/v2\/users\/22"}],"replies":[{"embeddable":true,"href":"https:\/\/blogs2.correiobraziliense.com.br\/vicente\/wp-json\/wp\/v2\/comments?post=9153"}],"version-history":[{"count":1,"href":"https:\/\/blogs2.correiobraziliense.com.br\/vicente\/wp-json\/wp\/v2\/posts\/9153\/revisions"}],"predecessor-version":[{"id":9154,"href":"https:\/\/blogs2.correiobraziliense.com.br\/vicente\/wp-json\/wp\/v2\/posts\/9153\/revisions\/9154"}],"wp:attachment":[{"href":"https:\/\/blogs2.correiobraziliense.com.br\/vicente\/wp-json\/wp\/v2\/media?parent=9153"}],"wp:term":[{"taxonomy":"category","embeddable":true,"href":"https:\/\/blogs2.correiobraziliense.com.br\/vicente\/wp-json\/wp\/v2\/categories?post=9153"},{"taxonomy":"post_tag","embeddable":true,"href":"https:\/\/blogs2.correiobraziliense.com.br\/vicente\/wp-json\/wp\/v2\/tags?post=9153"}],"curies":[{"name":"wp","href":"https:\/\/api.w.org\/{rel}","templated":true}]}}