{"id":917,"date":"2016-05-09T14:03:44","date_gmt":"2016-05-09T17:03:44","guid":{"rendered":"https:\/\/blogs2.correiobraziliense.com.br\/vicente\/?p=917"},"modified":"2016-05-09T15:13:49","modified_gmt":"2016-05-09T18:13:49","slug":"917-2","status":"publish","type":"post","link":"https:\/\/blogs2.correiobraziliense.com.br\/vicente\/917-2\/","title":{"rendered":"A DECAD\u00caNCIA POL\u00cdTICA DE DILMA"},"content":{"rendered":"<p>Realmente, o governo de Dilma Rousseff enterrou o que ainda lhe restava de bom senso. Ao se aliar ao presidente interino da C\u00e2mara, Waldir Maranh\u00e3o (PP), para tentar melar o processo de impeachment, a petista mostra a decad\u00eancia pol\u00edtica que chegou.<\/p>\n<p>&nbsp;<\/p>\n<p>Waldir Maranh\u00e3o \u00e9 o que se pode chamar de excresc\u00eancia da pol\u00edtica brasileira. N\u00e3o h\u00e1 como aceitar que uma pessoa como ele chegou \u00e0 C\u00e2mara e, pior, \u00e0 presid\u00eancia da Casa. Ele \u00e9 conhecido em sua terra por atitudes nada republicanas, muitas delas envolvendo pessoas da fam\u00edlia, como o filho Thiago Augusto, que foi nomeado para o Tribunal de Contas do Estado do Maranh\u00e3o, mas \u00e9 funcion\u00e1rio fantasma.<\/p>\n<p>&nbsp;<\/p>\n<p>O presidente interino da C\u00e2mara \u00e9 citado na Lava-Jato, acusado de se beneficiar de propinas oriundas dos desvios da Petrobras. Aparece em uma lista de den\u00fancias de irregularidades que deixam muitos dos deputados parecendo monges beneditinos. Ao recorrer a Maranh\u00e3o, o governo Dilma d\u00e1 a medida exata do n\u00edvel em que chegou. Lament\u00e1vel.<\/p>\n<p>&nbsp;<\/p>\n<p><em>Bras\u00edlia, 14h03min<\/em><\/p>\n","protected":false},"excerpt":{"rendered":"<p>Realmente, o governo de Dilma Rousseff enterrou o que ainda lhe restava de bom senso. Ao se aliar ao presidente interino da C\u00e2mara, Waldir Maranh\u00e3o (PP), para tentar melar o processo de impeachment, a petista mostra a decad\u00eancia pol\u00edtica que chegou. &nbsp; Waldir Maranh\u00e3o \u00e9 o que se pode chamar de excresc\u00eancia da pol\u00edtica brasileira. [&hellip;]<\/p>\n","protected":false},"author":22,"featured_media":0,"comment_status":"open","ping_status":"closed","sticky":false,"template":"","format":"standard","meta":{"wpb_read_more":[],"footnotes":""},"categories":[1],"tags":[],"class_list":["post-917","post","type-post","status-publish","format-standard","hentry","category-sem-categoria"],"_links":{"self":[{"href":"https:\/\/blogs2.correiobraziliense.com.br\/vicente\/wp-json\/wp\/v2\/posts\/917","targetHints":{"allow":["GET"]}}],"collection":[{"href":"https:\/\/blogs2.correiobraziliense.com.br\/vicente\/wp-json\/wp\/v2\/posts"}],"about":[{"href":"https:\/\/blogs2.correiobraziliense.com.br\/vicente\/wp-json\/wp\/v2\/types\/post"}],"author":[{"embeddable":true,"href":"https:\/\/blogs2.correiobraziliense.com.br\/vicente\/wp-json\/wp\/v2\/users\/22"}],"replies":[{"embeddable":true,"href":"https:\/\/blogs2.correiobraziliense.com.br\/vicente\/wp-json\/wp\/v2\/comments?post=917"}],"version-history":[{"count":2,"href":"https:\/\/blogs2.correiobraziliense.com.br\/vicente\/wp-json\/wp\/v2\/posts\/917\/revisions"}],"predecessor-version":[{"id":919,"href":"https:\/\/blogs2.correiobraziliense.com.br\/vicente\/wp-json\/wp\/v2\/posts\/917\/revisions\/919"}],"wp:attachment":[{"href":"https:\/\/blogs2.correiobraziliense.com.br\/vicente\/wp-json\/wp\/v2\/media?parent=917"}],"wp:term":[{"taxonomy":"category","embeddable":true,"href":"https:\/\/blogs2.correiobraziliense.com.br\/vicente\/wp-json\/wp\/v2\/categories?post=917"},{"taxonomy":"post_tag","embeddable":true,"href":"https:\/\/blogs2.correiobraziliense.com.br\/vicente\/wp-json\/wp\/v2\/tags?post=917"}],"curies":[{"name":"wp","href":"https:\/\/api.w.org\/{rel}","templated":true}]}}