{"id":9185,"date":"2018-09-18T20:38:26","date_gmt":"2018-09-18T23:38:26","guid":{"rendered":"https:\/\/blogs2.correiobraziliense.com.br\/vicente\/?p=9185"},"modified":"2018-09-19T15:31:00","modified_gmt":"2018-09-19T18:31:00","slug":"amoedo-se-antecipa-e-nega-apoio-bolsonaro","status":"publish","type":"post","link":"https:\/\/blogs2.correiobraziliense.com.br\/vicente\/amoedo-se-antecipa-e-nega-apoio-bolsonaro\/","title":{"rendered":"Amo\u00eado se antecipa e nega apoio a Bolsonaro"},"content":{"rendered":"<h2>GABRIELA VINHAL<\/h2>\n<h2><\/h2>\n<h2>Embora a equipe do candidato Jair Bolsonaro (PSL) tenha interesse em negociar o apoio do tamb\u00e9m postulante ao Planalto Jo\u00e3o Amo\u00eado para o segundo turno das elei\u00e7\u00f5es, o presidenci\u00e1vel pelo Novo afirma que n\u00e3o far\u00e1 qualquer alian\u00e7a com o capit\u00e3o reformado do Ex\u00e9rcito.<\/h2>\n<p>&nbsp;<\/p>\n<p>Em nota, Amo\u00eado afirma que &#8220;jamais esteve ou estar\u00e1 com Bolsonaro&#8221; e nega que tenha havido qualquer contato do PSL sobre a segunda fase do pleito. &#8220;Amo\u00eado n\u00e3o ocupar\u00e1 minist\u00e9rio em nenhum governo. Tamb\u00e9m jamais chamar\u00e1 Bolsonaro para compor o minist\u00e9rio em seu eventual governo&#8221;, escreveu.<\/p>\n<p>&nbsp;<\/p>\n<p>Nesta ter\u00e7a-feira (18\/9), respons\u00e1veis pela campanha de Bolsonaro \u00e0 Presid\u00eancia da Rep\u00fablica afirmaram ao <strong>Blog<\/strong> que j\u00e1 havia sondado um eventual apoio de Amo\u00eado ao candidato e, em troca, seria negociado um cargo no governo, se eleito. A pasta dada a Amo\u00eado seria ou do Planejamento ou da Transpar\u00eancia\u00a0\u2014 \u00e1reas que fazem parte do discurso do partido, que prega o combate \u00e0 corrup\u00e7\u00e3o e aos privil\u00e9gios de servidores.<\/p>\n<p>&nbsp;<\/p>\n<p>O di\u00e1logo entre eles, de acordo com pessoas pr\u00f3ximas ao Bolsonaro, seria para trazer uma pessoa de centro-direita, para tentar abrandar a trajet\u00f3ria do capit\u00e3o reformado do Ex\u00e9rcito, conhecido pelo posicionamento da direita radical.<\/p>\n<p>&nbsp;<\/p>\n<p><em>Bras\u00edlia, 20h35min<\/em><\/p>\n<p>&nbsp;<\/p>\n<p>&nbsp;<\/p>\n","protected":false},"excerpt":{"rendered":"<p>GABRIELA VINHAL Embora a equipe do candidato Jair Bolsonaro (PSL) tenha interesse em negociar o apoio do tamb\u00e9m postulante ao Planalto Jo\u00e3o Amo\u00eado para o segundo turno das elei\u00e7\u00f5es, o presidenci\u00e1vel pelo Novo afirma que n\u00e3o far\u00e1 qualquer alian\u00e7a com o capit\u00e3o reformado do Ex\u00e9rcito. &nbsp; Em nota, Amo\u00eado afirma que &#8220;jamais esteve ou estar\u00e1 [&hellip;]<\/p>\n","protected":false},"author":22,"featured_media":0,"comment_status":"open","ping_status":"closed","sticky":false,"template":"","format":"standard","meta":{"wpb_read_more":[],"footnotes":""},"categories":[600],"tags":[3611,2938,2554,665,3612],"class_list":["post-9185","post","type-post","status-publish","format-standard","hentry","category-economia","tag-amoedo","tag-apoio","tag-bolsonaro","tag-eleicoes","tag-segundo-turno"],"_links":{"self":[{"href":"https:\/\/blogs2.correiobraziliense.com.br\/vicente\/wp-json\/wp\/v2\/posts\/9185","targetHints":{"allow":["GET"]}}],"collection":[{"href":"https:\/\/blogs2.correiobraziliense.com.br\/vicente\/wp-json\/wp\/v2\/posts"}],"about":[{"href":"https:\/\/blogs2.correiobraziliense.com.br\/vicente\/wp-json\/wp\/v2\/types\/post"}],"author":[{"embeddable":true,"href":"https:\/\/blogs2.correiobraziliense.com.br\/vicente\/wp-json\/wp\/v2\/users\/22"}],"replies":[{"embeddable":true,"href":"https:\/\/blogs2.correiobraziliense.com.br\/vicente\/wp-json\/wp\/v2\/comments?post=9185"}],"version-history":[{"count":2,"href":"https:\/\/blogs2.correiobraziliense.com.br\/vicente\/wp-json\/wp\/v2\/posts\/9185\/revisions"}],"predecessor-version":[{"id":9187,"href":"https:\/\/blogs2.correiobraziliense.com.br\/vicente\/wp-json\/wp\/v2\/posts\/9185\/revisions\/9187"}],"wp:attachment":[{"href":"https:\/\/blogs2.correiobraziliense.com.br\/vicente\/wp-json\/wp\/v2\/media?parent=9185"}],"wp:term":[{"taxonomy":"category","embeddable":true,"href":"https:\/\/blogs2.correiobraziliense.com.br\/vicente\/wp-json\/wp\/v2\/categories?post=9185"},{"taxonomy":"post_tag","embeddable":true,"href":"https:\/\/blogs2.correiobraziliense.com.br\/vicente\/wp-json\/wp\/v2\/tags?post=9185"}],"curies":[{"name":"wp","href":"https:\/\/api.w.org\/{rel}","templated":true}]}}