{"id":9188,"date":"2018-09-19T14:31:26","date_gmt":"2018-09-19T17:31:26","guid":{"rendered":"https:\/\/blogs2.correiobraziliense.com.br\/vicente\/?p=9188"},"modified":"2018-09-19T15:44:42","modified_gmt":"2018-09-19T18:44:42","slug":"itau-unibanco-corta-juros-do-cheque-especial","status":"publish","type":"post","link":"https:\/\/blogs2.correiobraziliense.com.br\/vicente\/itau-unibanco-corta-juros-do-cheque-especial\/","title":{"rendered":"Ita\u00fa Unibanco corta juros do cheque especial"},"content":{"rendered":"<h2>HAMILTON FERRARI<\/h2>\n<h2><\/h2>\n<h2>O Ita\u00fa Unibanco se antecipou ao resultado da reuni\u00e3o do Comit\u00ea de Pol\u00edtica Monet\u00e1ria (Copom) e anuncia mais uma redu\u00e7\u00e3o na taxa de juros do cheque especial para os clientes que recebem sal\u00e1rios em conta-corrente da institui\u00e7\u00e3o. O corte, informa o banco, foi de 1,5 ponto percentual, para 10,86% ao m\u00eas.<\/h2>\n<p>&nbsp;<\/p>\n<p>O fato de o Ita\u00fa Unibanco reduzir os juros do especial, mesmo diante da possibilidade de manuten\u00e7\u00e3o da taxa b\u00e1sica (Selic) pelo Banco Central em 6,50% ao ano, indica que ainda h\u00e1 um longo caminho para que essa modalidade de cr\u00e9dito fique mais baratas.<\/p>\n<p>&nbsp;<\/p>\n<p>\u00c9 importante ressaltar que o cheque especial \u00e9 a \u00faltima modalidade de cr\u00e9dito que os consumidores devem recorrer, devido aos juros elevad\u00edssimos. Entrar no especial \u00e9 muito f\u00e1cil, uma vez que os recursos est\u00e3o dispon\u00edveis. O dif\u00edcil \u00e9 sair dele. Muita gente incorpora o limite do especial ao sal\u00e1rio.<\/p>\n<p>&nbsp;<\/p>\n<p>N\u00e3o por acaso, os pr\u00f3prios bancos est\u00e3o fazendo uma ampla campanha para que o cheque especial s\u00f3 seja utilizado em casos de emerg\u00eancias. As institui\u00e7\u00f5es tamb\u00e9m est\u00e3o oferecendo linhas mais baratas para que o saldo negativo na conta-corrente possa ser financiado, em parcelas, a juros mais baixos, a partir do 30\u00ba dia de uso, como acontece no rotativo do cart\u00e3o de cr\u00e9dito.<\/p>\n<p>&nbsp;<\/p>\n<p>O Ita\u00fa Unibanco informa que, no ano, a queda acumulada do cheque especial \u00e9 de 1,88 ponto percentual.<\/p>\n<p>&nbsp;<\/p>\n<p><em>Bras\u00edlia, 14h31min<\/em><\/p>\n","protected":false},"excerpt":{"rendered":"<p>HAMILTON FERRARI O Ita\u00fa Unibanco se antecipou ao resultado da reuni\u00e3o do Comit\u00ea de Pol\u00edtica Monet\u00e1ria (Copom) e anuncia mais uma redu\u00e7\u00e3o na taxa de juros do cheque especial para os clientes que recebem sal\u00e1rios em conta-corrente da institui\u00e7\u00e3o. O corte, informa o banco, foi de 1,5 ponto percentual, para 10,86% ao m\u00eas. &nbsp; O [&hellip;]<\/p>\n","protected":false},"author":22,"featured_media":0,"comment_status":"open","ping_status":"closed","sticky":false,"template":"","format":"standard","meta":{"wpb_read_more":[],"footnotes":""},"categories":[600],"tags":[],"class_list":["post-9188","post","type-post","status-publish","format-standard","hentry","category-economia"],"_links":{"self":[{"href":"https:\/\/blogs2.correiobraziliense.com.br\/vicente\/wp-json\/wp\/v2\/posts\/9188","targetHints":{"allow":["GET"]}}],"collection":[{"href":"https:\/\/blogs2.correiobraziliense.com.br\/vicente\/wp-json\/wp\/v2\/posts"}],"about":[{"href":"https:\/\/blogs2.correiobraziliense.com.br\/vicente\/wp-json\/wp\/v2\/types\/post"}],"author":[{"embeddable":true,"href":"https:\/\/blogs2.correiobraziliense.com.br\/vicente\/wp-json\/wp\/v2\/users\/22"}],"replies":[{"embeddable":true,"href":"https:\/\/blogs2.correiobraziliense.com.br\/vicente\/wp-json\/wp\/v2\/comments?post=9188"}],"version-history":[{"count":1,"href":"https:\/\/blogs2.correiobraziliense.com.br\/vicente\/wp-json\/wp\/v2\/posts\/9188\/revisions"}],"predecessor-version":[{"id":9190,"href":"https:\/\/blogs2.correiobraziliense.com.br\/vicente\/wp-json\/wp\/v2\/posts\/9188\/revisions\/9190"}],"wp:attachment":[{"href":"https:\/\/blogs2.correiobraziliense.com.br\/vicente\/wp-json\/wp\/v2\/media?parent=9188"}],"wp:term":[{"taxonomy":"category","embeddable":true,"href":"https:\/\/blogs2.correiobraziliense.com.br\/vicente\/wp-json\/wp\/v2\/categories?post=9188"},{"taxonomy":"post_tag","embeddable":true,"href":"https:\/\/blogs2.correiobraziliense.com.br\/vicente\/wp-json\/wp\/v2\/tags?post=9188"}],"curies":[{"name":"wp","href":"https:\/\/api.w.org\/{rel}","templated":true}]}}