{"id":9191,"date":"2018-09-19T20:31:14","date_gmt":"2018-09-19T23:31:14","guid":{"rendered":"https:\/\/blogs2.correiobraziliense.com.br\/vicente\/?p=9191"},"modified":"2018-09-19T21:20:01","modified_gmt":"2018-09-20T00:20:01","slug":"proposta-de-recriacao-da-cpmf-azeda-o-clima-entre-bolsonaro-e-guedes","status":"publish","type":"post","link":"https:\/\/blogs2.correiobraziliense.com.br\/vicente\/proposta-de-recriacao-da-cpmf-azeda-o-clima-entre-bolsonaro-e-guedes\/","title":{"rendered":"Proposta de recria\u00e7\u00e3o da CPMF azeda o clima entre Bolsonaro e Guedes"},"content":{"rendered":"<h2>Apontado como ministro da Fazenda em caso de vit\u00f3ria do candidato do PSL, Jair Bolsonaro, o economista Paulo Guedes levou uma bronca do presidenci\u00e1vel por ter apresentado a um grupo de investidores, como mostrou a\u00a0<em>Folha de S\u00e3o Paulo<\/em>, uma proposta econ\u00f4mica que sequer foi avaliada pelo candidato. Bolsonaro se irritou, principalmente, com o projeto de recria\u00e7\u00e3o da CPMF, imposto sobre movimenta\u00e7\u00e3o financeira.<\/h2>\n<p>&nbsp;<\/p>\n<p>Na avalia\u00e7\u00e3o de Bolsonaro, que falou com Guedes por telefone, ainda n\u00e3o \u00e9 o momento de apresentar medidas econ\u00f4mica, sobretudo estando ele hospitalizado. Depois da bronca de Bolsonaro, Guedes teve que vestir os cal\u00e7ados da humildade e explicar para a imprensa que a recria\u00e7\u00e3o da CPMF \u00e9 apenas uma das medidas que est\u00e3o sendo estudadas dentro de um projeto de reforma tribut\u00e1ria, que prev\u00ea a redu\u00e7\u00e3o de impostos.<\/p>\n<p>&nbsp;<\/p>\n<p>A meta \u00e9 ter um\u00a0imposto federal \u00fanico, a CPMF, com al\u00edquota de 1% sobre todas as transa\u00e7\u00f5es financeiras, e, com isso, acabar com os mais de 50 tributos existentes no pa\u00eds. O plano de Guedes tamb\u00e9m prev\u00ea\u00a0\u00a0a\u00a0redu\u00e7\u00e3o para 20% das duas al\u00edquotas maiores do Imposto de Renda da Pessoa F\u00edsica, de 27,5% e de 22,5%. Na outra ponta, aumentaria para 20% o IR daqueles que recebem como pessoa jur\u00eddica, de 17,5%, uma a\u00e7\u00e3o contra a &#8220;pejotiza\u00e7\u00e3o&#8221; t\u00e3o criticada por Bolsonaro.<\/p>\n<p>&nbsp;<\/p>\n<p>N\u00e3o custa lembrar que Guedes \u00e9 chamado por Bolsonaro de &#8220;Posto Ipiranga&#8221;, por lhe ensinar tudo sobre economia. Muitos, no entanto, n\u00e3o acreditam que, se eleito, Bolsonaro teria uma rela\u00e7\u00e3o t\u00e3o forte com o economista, de g\u00eanio muito forte e extremamente arrogante e egoc\u00eantrico.<\/p>\n<p>&nbsp;<\/p>\n<p>Guedes, por\u00e9m, teve que colocar o orgulho de lado para tentar aparar as arestas com o poss\u00edvel futuro chefe. Na presta\u00e7\u00e3o de contas que foi obrigado a fazer, disse ainda que, em rela\u00e7\u00e3o \u00e0 Previd\u00eancia Social, tamb\u00e9m a proposta \u00e9 criar um imposto \u00fanico para substituir os diversos tributos que financiam o sistema previdenci\u00e1rio. A al\u00edquota deve ficar entre 0,40% e 0,50%.<\/p>\n<p>&nbsp;<\/p>\n<p><em>Bras\u00edlia, 20h31min<\/em><\/p>\n","protected":false},"excerpt":{"rendered":"<p>Apontado como ministro da Fazenda em caso de vit\u00f3ria do candidato do PSL, Jair Bolsonaro, o economista Paulo Guedes levou uma bronca do presidenci\u00e1vel por ter apresentado a um grupo de investidores, como mostrou a\u00a0Folha de S\u00e3o Paulo, uma proposta econ\u00f4mica que sequer foi avaliada pelo candidato. Bolsonaro se irritou, principalmente, com o projeto de [&hellip;]<\/p>\n","protected":false},"author":22,"featured_media":0,"comment_status":"open","ping_status":"closed","sticky":false,"template":"","format":"standard","meta":{"wpb_read_more":[],"footnotes":""},"categories":[600],"tags":[],"class_list":["post-9191","post","type-post","status-publish","format-standard","hentry","category-economia"],"_links":{"self":[{"href":"https:\/\/blogs2.correiobraziliense.com.br\/vicente\/wp-json\/wp\/v2\/posts\/9191","targetHints":{"allow":["GET"]}}],"collection":[{"href":"https:\/\/blogs2.correiobraziliense.com.br\/vicente\/wp-json\/wp\/v2\/posts"}],"about":[{"href":"https:\/\/blogs2.correiobraziliense.com.br\/vicente\/wp-json\/wp\/v2\/types\/post"}],"author":[{"embeddable":true,"href":"https:\/\/blogs2.correiobraziliense.com.br\/vicente\/wp-json\/wp\/v2\/users\/22"}],"replies":[{"embeddable":true,"href":"https:\/\/blogs2.correiobraziliense.com.br\/vicente\/wp-json\/wp\/v2\/comments?post=9191"}],"version-history":[{"count":8,"href":"https:\/\/blogs2.correiobraziliense.com.br\/vicente\/wp-json\/wp\/v2\/posts\/9191\/revisions"}],"predecessor-version":[{"id":9199,"href":"https:\/\/blogs2.correiobraziliense.com.br\/vicente\/wp-json\/wp\/v2\/posts\/9191\/revisions\/9199"}],"wp:attachment":[{"href":"https:\/\/blogs2.correiobraziliense.com.br\/vicente\/wp-json\/wp\/v2\/media?parent=9191"}],"wp:term":[{"taxonomy":"category","embeddable":true,"href":"https:\/\/blogs2.correiobraziliense.com.br\/vicente\/wp-json\/wp\/v2\/categories?post=9191"},{"taxonomy":"post_tag","embeddable":true,"href":"https:\/\/blogs2.correiobraziliense.com.br\/vicente\/wp-json\/wp\/v2\/tags?post=9191"}],"curies":[{"name":"wp","href":"https:\/\/api.w.org\/{rel}","templated":true}]}}