{"id":92,"date":"2015-04-18T00:01:00","date_gmt":"2015-04-18T03:01:00","guid":{"rendered":"https:\/\/blogs2.correiobraziliense.com.br\/vicente\/dores_da_desconfianca\/"},"modified":"2015-04-18T00:01:00","modified_gmt":"2015-04-18T03:01:00","slug":"dores_da_desconfianca","status":"publish","type":"post","link":"https:\/\/blogs2.correiobraziliense.com.br\/vicente\/dores_da_desconfianca\/","title":{"rendered":"DORES DA DESCONFIAN\u00c7A"},"content":{"rendered":"\n<p>N\u00e3o se pode dizer que a passagem do ministro da Fazenda, Joaquim Levy, pela reuni\u00e3o de primavera do Fundo Monet\u00e1rio Internacional (FMI), em Washington, tenha sido um sucesso. Muito pelo contr\u00e1rio. Mas foi importante para come\u00e7ar o processo de reconstru\u00e7\u00e3o da imagem do Brasil no mercado internacional, processo que, diante do estrago cometido na economia no primeiro mandato de Dilma Rousseff, ser\u00e1 lento, gradual, doloroso. <\/p>\n<p>Nas muitas conversas que manteve com participantes do encontro do FMI, Levy p\u00f4de detalhar as boas interna\u00e7\u00f5es do pa\u00eds de arrumar a casa e retomar o crescimento da economia. Foram muitos os questionamentos, sobretudo em rela\u00e7\u00e3o ao real comprometimento do governo com o ajuste fiscal, \u00e0 capacidade de rea\u00e7\u00e3o do Produto Interno Bruto (PIB) e \u00e0 crise pol\u00edtica que mant\u00e9m Dilma de joelhos. Apesar de o ministro ter se deparado com votos de confian\u00e7a, n\u00e3o faltou ceticismo. <\/p>\n<p>Reconstruir credibilidade n\u00e3o \u00e9 um processo trivial. Levy sabe que o governo errou demais nos \u00faltimos quatro anos e destruiu pontes. At\u00e9 agora, o que se v\u00ea \u00e9 mais vontade da equipe econ\u00f4mica de entregar o que prometeu do que dados concretos que possam sacramentar, por exemplo, que o Tesouro Nacional entregar\u00e1 a meta fiscal de 1,2% do Produto Interno Bruto (PIB) neste ano e de 2% em 2016 com a atividade no ch\u00e3o e as receitas muito aqu\u00e9m do esperado. <\/p>\n<p>As perspectivas para a economia s\u00e3o muito ruins, pelo menos neste ano, admite o economista-chefe do Bradesco, Octavio de Barros. Ele prev\u00ea queda de 0,6% para o PIB no primeiro trimestre e tombo entre 1% e 1,5% no segundo, per\u00edodo que deve ser o pior para a atividade. Barros lembra que, nos \u00faltimos anos, parte relevante da resposta do governo ao baixo crescimento foi incentivar o consumo por meio da pol\u00edtica fiscal, ou seja, cofres abertos e redu\u00e7\u00e3o do superavit prim\u00e1rio. Essa pol\u00edtica, em uma economia com pleno emprego, traduziu-se em disparada da infla\u00e7\u00e3o e maiores deficits nas contas externas. <\/p>\n<p>O economista do Bradesco ressalta que o impulso fiscal acabou se tornando negativo, porque incentivou desconfian\u00e7a e questionamentos sobre a sustentabilidade da d\u00edvida p\u00fablica. \u201cAgora, vemos a revers\u00e3o de boa parte dessas medidas, com juros mais elevados e pol\u00edtica fiscal claramente contracionista. \u00c9 isso que explica a previs\u00e3o de queda anualizada de quase 4% do PIB no primeiro semestre do ano\u201d, diz. <\/p>\n<p>Assim como Barros, muitos dos presentes no encontro do FMI veem uma caminhada dif\u00edcil para o Brasil, que ter\u00e1 de remar contra a mar\u00e9, sobretudo a que vem dos Estados Unidos. N\u00e3o por acaso, o tema dominante nos \u00faltimos dois dias em Washington foi o aumento das taxas de juros na maior economia do planeta. Esperava-se que o movimento de alta come\u00e7asse em junho pr\u00f3ximo, mas os sinais emitidos pelo Federal Reserve (Fed), o Banco Central norte-americano, acabaram indicando que o processo de mudan\u00e7a na pol\u00edtica monet\u00e1ria ser\u00e1 iniciado mais para o fim do ano. <\/p>\n<p>Nas palavras de um interlocutor de Levy, o melhor que o Brasil tem a fazer neste momento \u00e9 n\u00e3o arrumar problemas. O mundo est\u00e1 mergulhado em incertezas, os sinais de retomada da atividade s\u00e3o fr\u00e1geis, os pa\u00edses emergentes est\u00e3o baqueados e os bancos centrais est\u00e3o em conflito tanto sobre juros quanto sobre c\u00e2mbio. Ser\u00e1 importante que o ministro detalhe bem para a presidente Dilma o que ouviu l\u00e1 fora. Um p\u00e9 em falso do pa\u00eds ser\u00e1 o fim do voto de confian\u00e7a que ainda est\u00e1 nos mantendo de p\u00e9. <\/p>\n<p>O muso do FMI <\/p>\n<p>\u00bb Ningu\u00e9m fez mais sucesso no encontro de primavera do FMI do que o primeiro-ministro da Gr\u00e9cia, Al\u00e9xis Ts\u00edpras. O painel que ele participou registrou o maior p\u00fablico do evento. Foi demandado por todas as autoridades presentes, \u00e1vidas por saber at\u00e9 que ponto ele est\u00e1 disposto a evitar o calote grego. <\/p>\n<p>Rombo de US$ 4,8 bi <\/p>\n<p>\u00bb O pa\u00eds registrou rombo de US$ 4,8 bilh\u00f5es em mar\u00e7o, segundo previs\u00f5es do Banco Santander. A queda em rela\u00e7\u00e3o a fevereiro, quando o deficit atingiu US$ 6,9 bilh\u00f5es, se deveu ao melhor resultado da balan\u00e7a comercial. No acumulado em 12 meses, por\u00e9m, o buraco continuar\u00e1 elevado, em 4,1% do PIB.  <\/p>\n<p>Mudan\u00e7as nas contas <\/p>\n<p>\u00bb O Banco Central mudou a metodologia das contas externas. Depois de dois anos de estudos e muito debate, adequar\u00e1 as informa\u00e7\u00f5es \u00e0s regras definidas em 2010 pelo FMI. Os n\u00fameros, a serem revelados em 23 de abril, v\u00e3o mostrar aumento nos investimentos estrangeiros diretos (IED). <\/p>\n<p>Atletas desnudados <\/p>\n<p>\u00bb O BC tamb\u00e9m passar\u00e1 a divulgar os volumes de recursos movimentados pelas vendas de jogadores brasileiros ao exterior. H\u00e1 uma grande demanda por esse dados, sobretudo por causa das suspeitas de irregularidades nas transa\u00e7\u00f5es. <\/p>\n<p>Desafios e oportunidades <\/p>\n<p>\u00bb Fabio Rua, diretor da IBM Brasil, e Marcelo Ortiz, da Embraer, apresentar\u00e3o painel sobre economia global, setor privado e competitividade \u2014 desafios e oportunidades, em 23 de abril, no Centro de Conven\u00e7\u00f5es Ulysses Guimar\u00e3es. O tema faz parte da programa\u00e7\u00e3o do 20\u00ba Encontro Brasileiro de Estudantes de Rela\u00e7\u00f5es Internacionais, organizado pela Funda\u00e7\u00e3o Armando Alvares Penteado. <\/p>\n<p>Bras\u00edlia, 00h01min   <\/p>\n","protected":false},"excerpt":{"rendered":"<p>N\u00e3o se pode dizer que a passagem do ministro da Fazenda, Joaquim Levy, pela reuni\u00e3o de primavera do Fundo Monet\u00e1rio Internacional (FMI), em Washington, tenha sido um sucesso. Muito pelo contr\u00e1rio. Mas foi importante para come\u00e7ar o processo de reconstru\u00e7\u00e3o da imagem do Brasil no mercado internacional, processo que, diante do estrago cometido na economia [&hellip;]<\/p>\n","protected":false},"author":22,"featured_media":0,"comment_status":"open","ping_status":"open","sticky":false,"template":"","format":"standard","meta":{"wpb_read_more":[],"footnotes":""},"categories":[1],"tags":[],"class_list":["post-92","post","type-post","status-publish","format-standard","hentry","category-sem-categoria"],"_links":{"self":[{"href":"https:\/\/blogs2.correiobraziliense.com.br\/vicente\/wp-json\/wp\/v2\/posts\/92","targetHints":{"allow":["GET"]}}],"collection":[{"href":"https:\/\/blogs2.correiobraziliense.com.br\/vicente\/wp-json\/wp\/v2\/posts"}],"about":[{"href":"https:\/\/blogs2.correiobraziliense.com.br\/vicente\/wp-json\/wp\/v2\/types\/post"}],"author":[{"embeddable":true,"href":"https:\/\/blogs2.correiobraziliense.com.br\/vicente\/wp-json\/wp\/v2\/users\/22"}],"replies":[{"embeddable":true,"href":"https:\/\/blogs2.correiobraziliense.com.br\/vicente\/wp-json\/wp\/v2\/comments?post=92"}],"version-history":[{"count":0,"href":"https:\/\/blogs2.correiobraziliense.com.br\/vicente\/wp-json\/wp\/v2\/posts\/92\/revisions"}],"wp:attachment":[{"href":"https:\/\/blogs2.correiobraziliense.com.br\/vicente\/wp-json\/wp\/v2\/media?parent=92"}],"wp:term":[{"taxonomy":"category","embeddable":true,"href":"https:\/\/blogs2.correiobraziliense.com.br\/vicente\/wp-json\/wp\/v2\/categories?post=92"},{"taxonomy":"post_tag","embeddable":true,"href":"https:\/\/blogs2.correiobraziliense.com.br\/vicente\/wp-json\/wp\/v2\/tags?post=92"}],"curies":[{"name":"wp","href":"https:\/\/api.w.org\/{rel}","templated":true}]}}