{"id":9284,"date":"2018-10-05T20:12:40","date_gmt":"2018-10-05T23:12:40","guid":{"rendered":"https:\/\/blogs2.correiobraziliense.com.br\/vicente\/?p=9284"},"modified":"2018-10-05T21:18:39","modified_gmt":"2018-10-06T00:18:39","slug":"por-causa-das-eleicoes-petrobras-adia-reajuste-do-gas-de-cozinha","status":"publish","type":"post","link":"https:\/\/blogs2.correiobraziliense.com.br\/vicente\/por-causa-das-eleicoes-petrobras-adia-reajuste-do-gas-de-cozinha\/","title":{"rendered":"Por causa das elei\u00e7\u00f5es, Petrobras adia reajuste do g\u00e1s de cozinha"},"content":{"rendered":"<h2>SIMONE KAFRUNI<\/h2>\n<h2><\/h2>\n<h2>A Petrobras n\u00e3o divulgou nesta sexta-feira (05\/10), como havia prometido, o reajuste do g\u00e1s de cozinha, que, no Distrito Federal, j\u00e1 custa mais de R$ 100 o botij\u00e3o. A decis\u00e3o contraria a pol\u00edtica de pre\u00e7os da estatal, que prev\u00ea an\u00fancio do pre\u00e7o do G\u00e1s Liquifeito de Petr\u00f3leo (GLP) residencial nas refinarias a cada dia 5 de fechamento de trimestre. O novo valor s\u00f3 ser\u00e1 revelado na semana que vem. Para especialistas, o objetivo da posterga\u00e7\u00e3o \u00e9 evitar o impacto do aumento nas elei\u00e7\u00f5es e o uso pol\u00edtico da companhia.<\/h2>\n<p>&nbsp;<\/p>\n<p>Nos bastidores, circula a informa\u00e7\u00e3o de que o Grupo Executivo de Mercado e Pre\u00e7os (Gemp) chegou a levar a f\u00f3rmula de reajuste \u00e0 diretoria, que teria pedido mais estudos em fun\u00e7\u00e3o da alta volatilidade do c\u00e2mbio e do petr\u00f3leo, vari\u00e1veis que comp\u00f5em o pre\u00e7o do GLP. Para o diretor do Centro Brasileiro de Infraestrutura (Cbie), Adriano Pires, a decis\u00e3o da companhia foi acertada. \u201cO reajuste \u00e9 trimestral, mas leva em conta os \u00faltimos 12 meses. Tivemos, no per\u00edodo, uma oscila\u00e7\u00e3o cambial muito grande, sem justificativa a n\u00e3o ser o quadro eleitoral do pa\u00eds. \u00c9 dif\u00edcil precificar isso\u201d, comenta.<\/p>\n<p>&nbsp;<\/p>\n<p>Pelos c\u00e1lculos do economista Carlos Thadeu Filho, do Instituto Brasileiro de Economia (Ibre), da Funda\u00e7\u00e3o Getulio Vargas (FGV), o pre\u00e7o do g\u00e1s pode subir entre 15% e 20%, o que ter\u00e1 impacto forte nos \u00edndices de infla\u00e7\u00e3o e no bolso dos consumidores. O g\u00e1s est\u00e1 t\u00e3o caro, que os mais pobres voltaram a cozinhar no fog\u00e3o a lenha e aumentou a incid\u00eancia de queimaduras pelo uso de etanol para fazer fogo.<\/p>\n<p>&nbsp;<\/p>\n<p>Pires alerta que, se o grupo de pre\u00e7os da Petrobras n\u00e3o tem certeza do reajuste, \u00e9 melhor n\u00e3o divulgar. \u201cA empresa ficou numa situa\u00e7\u00e3o delicada. Acho que faz sentido esperar, estudar com mais cuidado, porque, qualquer coisa que divulgue, \u00e0s v\u00e9speras de uma elei\u00e7\u00e3o, acirrada e radicalizada como essa, pode prejudicar a empresa\u201d, diz.<\/p>\n<p>&nbsp;<\/p>\n<p>S\u00f3 recentemente a Petrobras resolveu pend\u00eancias no mercado internacional para recuperar a credibilidade, abalada pela corrup\u00e7\u00e3o e pelo uso pol\u00edtico. \u201cH\u00e1 um cuidado para n\u00e3o passar a imagem de que interfere na pol\u00edtica brasileira. A Petrobras est\u00e1 tendo cautela. \u00c9 um sinal de maturidade\u201d, opina Pires.<\/p>\n<p>&nbsp;<\/p>\n<p>Para a Associa\u00e7\u00e3o Brasileira dos Revendedores de GLP (Asmirg-BR), o suspense \u00e9 desgastante. O presidente da entidade, Alexandre Jos\u00e9 Borjaili, alerta que, sempre que h\u00e1 aumento de R$ 1 na refinaria, as distribuidoras repassam alta muito maior para as revendas. \u201cQuem est\u00e1 inviabilizando o setor s\u00e3o as distribuidoras. Quando h\u00e1 queda, n\u00e3o repassam para n\u00f3s\u201d, reclama.<\/p>\n<p>&nbsp;<\/p>\n<p>Em janeiro, a Petrobras divulgou o valor de R$ 23,16 para o botij\u00e3o de 13kg nas refinarias. Em 5 de abril, a estatal baixou para R$ 22,13 e, em 5 de julho, subiu para R$ 23,10. Pelo valor que \u00e9 comercializado no DF, por exemplo, cerca de R$ 80 ficam pelo caminho.<\/p>\n<p>&nbsp;<\/p>\n<p><em>Bras\u00edlia, 20h12min<\/em><\/p>\n","protected":false},"excerpt":{"rendered":"<p>SIMONE KAFRUNI A Petrobras n\u00e3o divulgou nesta sexta-feira (05\/10), como havia prometido, o reajuste do g\u00e1s de cozinha, que, no Distrito Federal, j\u00e1 custa mais de R$ 100 o botij\u00e3o. A decis\u00e3o contraria a pol\u00edtica de pre\u00e7os da estatal, que prev\u00ea an\u00fancio do pre\u00e7o do G\u00e1s Liquifeito de Petr\u00f3leo (GLP) residencial nas refinarias a cada [&hellip;]<\/p>\n","protected":false},"author":22,"featured_media":0,"comment_status":"open","ping_status":"closed","sticky":false,"template":"","format":"standard","meta":{"wpb_read_more":[],"footnotes":""},"categories":[600],"tags":[],"class_list":["post-9284","post","type-post","status-publish","format-standard","hentry","category-economia"],"_links":{"self":[{"href":"https:\/\/blogs2.correiobraziliense.com.br\/vicente\/wp-json\/wp\/v2\/posts\/9284","targetHints":{"allow":["GET"]}}],"collection":[{"href":"https:\/\/blogs2.correiobraziliense.com.br\/vicente\/wp-json\/wp\/v2\/posts"}],"about":[{"href":"https:\/\/blogs2.correiobraziliense.com.br\/vicente\/wp-json\/wp\/v2\/types\/post"}],"author":[{"embeddable":true,"href":"https:\/\/blogs2.correiobraziliense.com.br\/vicente\/wp-json\/wp\/v2\/users\/22"}],"replies":[{"embeddable":true,"href":"https:\/\/blogs2.correiobraziliense.com.br\/vicente\/wp-json\/wp\/v2\/comments?post=9284"}],"version-history":[{"count":1,"href":"https:\/\/blogs2.correiobraziliense.com.br\/vicente\/wp-json\/wp\/v2\/posts\/9284\/revisions"}],"predecessor-version":[{"id":9285,"href":"https:\/\/blogs2.correiobraziliense.com.br\/vicente\/wp-json\/wp\/v2\/posts\/9284\/revisions\/9285"}],"wp:attachment":[{"href":"https:\/\/blogs2.correiobraziliense.com.br\/vicente\/wp-json\/wp\/v2\/media?parent=9284"}],"wp:term":[{"taxonomy":"category","embeddable":true,"href":"https:\/\/blogs2.correiobraziliense.com.br\/vicente\/wp-json\/wp\/v2\/categories?post=9284"},{"taxonomy":"post_tag","embeddable":true,"href":"https:\/\/blogs2.correiobraziliense.com.br\/vicente\/wp-json\/wp\/v2\/tags?post=9284"}],"curies":[{"name":"wp","href":"https:\/\/api.w.org\/{rel}","templated":true}]}}