{"id":93,"date":"2015-04-21T12:12:00","date_gmt":"2015-04-21T15:12:00","guid":{"rendered":"https:\/\/blogs2.correiobraziliense.com.br\/vicente\/o_pior_esta_a_caminho\/"},"modified":"2015-04-21T12:12:00","modified_gmt":"2015-04-21T15:12:00","slug":"o_pior_esta_a_caminho","status":"publish","type":"post","link":"https:\/\/blogs2.correiobraziliense.com.br\/vicente\/o_pior_esta_a_caminho\/","title":{"rendered":"O PIOR EST\u00c1 A CAMINHO"},"content":{"rendered":"\n<p>O governo adiou o quanto p\u00f4de \u2014 a expectativa era de que os n\u00fameros sa\u00edssem na semana passada \u2014, mas ter\u00e1 que admitir, at\u00e9 a pr\u00f3xima sexta-feira, que o desemprego est\u00e1 chegando com tudo e pegando, sobretudo, os profissionais menos qualificados, que foram absorvidos pelas empresas quando o n\u00edvel da atividade avan\u00e7ava a pleno vapor. <\/p>\n<p>A expectativa do economista-chefe do Bradesco, Octavio de Barros, \u00e9 de que o Cadastro Geral de Empregados e Desempregados (Caged) tenha registrado, em mar\u00e7o, fechamento l\u00edquido (descontadas as contrata\u00e7\u00f5es) de 60 mil vagas. Com isso, apenas no primeiro trimestre, o pa\u00eds ter\u00e1 perdido cerca de 140 mil postos de trabalho formais, algo que n\u00e3o se v\u00ea desde 1999. <\/p>\n<p>A presidente Dilma Rousseff sempre encheu a boca para falar que seu governo n\u00e3o mediu esfor\u00e7os para proteger o emprego, mesmo com o mundo em crise. Tanto que a taxa de desocupa\u00e7\u00e3o medida pelo Instituto Brasileiro de Geografia e Estat\u00edstica (IBGE) nas seis principais regi\u00f5es metropolitanas do pa\u00eds encerrou o ano passado no n\u00edvel mais baixo da s\u00e9rie hist\u00f3rica, de 4,3%. <\/p>\n<p>A petista s\u00f3 se esqueceu de dizer que, para manter o desemprego nesses n\u00edveis, destruiu a economia do pa\u00eds em seu primeiro mandato. Usou e abusou de artificialismos na pol\u00edtica econ\u00f4mica comandada pelo ent\u00e3o ministro da Fazenda, Guido Mantega. Arrasou as contas p\u00fablicas e empurrou a infla\u00e7\u00e3o para as alturas \u2014 mais de 8%. Ao mesmo tempo em que dizia proteger os trabalhadores, estava contratando o desemprego. <\/p>\n<p>Com os erros de Dilma, o crescimento econ\u00f4mico desabou. O primeiro setor a sentir o impacto dos desacertos foi a ind\u00fastria, que vem demitindo h\u00e1 pelos menos dois anos. Agora, a v\u00edtima maior da recess\u00e3o \u00e9 o setor de servi\u00e7os, sobretudo o com\u00e9rcio, justamente o que tinha empregado a maior parte dos trabalhadores com menor escolaridade e preparo. <\/p>\n<p>Demitir no Brasil custa muito caro. Por isso, mesmo com a atividade despencando, o desemprego n\u00e3o subia. Segundo os empres\u00e1rios, num primeiro momento, a orienta\u00e7\u00e3o das companhias foi para absorver custos e reduzir as margens de lucro em vez de cortar pessoal. O problema \u00e9 que, depois de quatro anos de fraca expans\u00e3o do Produto Interno Bruto (PIB) e com alta do d\u00f3lar, das tarifas de energia el\u00e9trica e dos combust\u00edveis, a situa\u00e7\u00e3o chegou ao limite. A hora, agora, \u00e9 de sacrificar o mercado de trabalho. <\/p>\n<p>Nos dois primeiros meses do ano, j\u00e1 foi poss\u00edvel medir a for\u00e7a com que o desemprego vai chegar. A taxa nas seis principais regi\u00f5es metropolitanas saltou 1,6 ponto percentual, para 5,9%. A aposta \u00e9 de que a desocupa\u00e7\u00e3o chegue a 7,5% at\u00e9 o fim do ano. Se a refer\u00eancia for a Pnad Cont\u00ednua, que mede o n\u00edvel do desemprego em todo o pa\u00eds, a expectativa \u00e9 de que a patamar atual, de 7,5%, pule para at\u00e9 10%. <\/p>\n<p>O desemprego ser\u00e1 a mais pesada das faturas a ser paga pela popula\u00e7\u00e3o por causa dos erros de Dilma no primeiro mandato. O pa\u00eds ver\u00e1 pela frente a combina\u00e7\u00e3o perversa de demiss\u00f5es com infla\u00e7\u00e3o alta, juros subindo, arrocho fiscal e fam\u00edlias superendividadas. N\u00e3o ser\u00e1 f\u00e1cil para um governo t\u00e3o impopular lidar com tal situa\u00e7\u00e3o. A presidente que terceirizou o mandato deve se preparar para o pior.<b> <\/p>\n<p>Aperto no bolso<\/b> <\/p>\n<p>\u00bb Pelas contas dos economistas do Banco Santander, o rendimento real m\u00e9dio dos trabalhadores ter\u00e1, neste ano, queda de 1%, redu\u00e7\u00e3o que se repetir\u00e1 em 2016. A massa salarial real, por sua vez, tombar\u00e1 3% em 2015 e 1% no ano que vem. Pobres trabalhadores. <\/p>\n<p><b>Rep\u00fadio \u00e0 corrup\u00e7\u00e3o<\/b> <\/p>\n<p>\u00bb Representantes de 999 sindicatos patronais de todo o Brasil, reunidos no 31\u00ba Congresso Nacional dos Sindicatos Patronais do Com\u00e9rcio de Bens, Servi\u00e7os e Turismo (CNSP), aprovaram duas cartas que ser\u00e3o encaminhadas esta semana aos presidentes da C\u00e2mara e do Senado. Uma, repudia os atos de corrup\u00e7\u00e3o. Outra, defende a aprova\u00e7\u00e3o do Projeto de Lei 4.330\/04, da terceiriza\u00e7\u00e3o. Os sindicatos representam mais de 15 milh\u00f5es de empresas do setor terci\u00e1rio. <\/p>\n<p><b>Banco pelo telefone<\/b> <\/p>\n<p>\u00bb O Banco do Brasil conseguiu a ades\u00e3o de 1 milh\u00e3o de clientes para atendimento via celular apenas nos tr\u00eas primeiros meses de 2015. No total, j\u00e1 s\u00e3o 5 milh\u00f5es de correntistas usando os aplicativos da institui\u00e7\u00e3o, respons\u00e1veis por mais de 700 milh\u00f5es de transa\u00e7\u00f5es no primeiro trimestre, duas vezes mais do que foi realizado no mesmo per\u00edodo do ano passado. <\/p>\n<p><b>Bem longe da crise<\/b> <\/p>\n<p>\u00bb H\u00e9lio Brasileiro, presidente da Centrus, o fundo de pens\u00e3o dos empregados do Banco Central, garante que a entidade est\u00e1 passando longe da crise que atinge boa parte das funda\u00e7\u00f5es ligadas a estatais. Ele ressalta que acumula superavit de R$ 1,6 bilh\u00e3o, quase a metade das provis\u00f5es que foram feitas em 2014 para honrar benef\u00edcios dos participantes do fundo.<b> <\/p>\n<p>R$ 400 milh\u00f5es para o BC<\/b> <\/p>\n<p>\u00bb O presidente do fundo diz que a situa\u00e7\u00e3o de caixa da Centrus \u00e9 t\u00e3o confort\u00e1vel que a funda\u00e7\u00e3o devolveu ao Banco Central, nos \u00faltimos anos, R$ 400 milh\u00f5es em contribui\u00e7\u00f5es que haviam sido feitas no passado. Os ganhos do fundo de pens\u00e3o v\u00eam, principalmente, de t\u00edtulos p\u00fablicos, que est\u00e3o rendendo 6% ao ano acima da infla\u00e7\u00e3o, dois pontos percentuais al\u00e9m da meta definida em estatuto. <\/p>\n<p><i>Bras\u00edlia, 12h12min<\/i>   <\/p>\n","protected":false},"excerpt":{"rendered":"<p>O governo adiou o quanto p\u00f4de \u2014 a expectativa era de que os n\u00fameros sa\u00edssem na semana passada \u2014, mas ter\u00e1 que admitir, at\u00e9 a pr\u00f3xima sexta-feira, que o desemprego est\u00e1 chegando com tudo e pegando, sobretudo, os profissionais menos qualificados, que foram absorvidos pelas empresas quando o n\u00edvel da atividade avan\u00e7ava a pleno vapor. [&hellip;]<\/p>\n","protected":false},"author":22,"featured_media":0,"comment_status":"open","ping_status":"open","sticky":false,"template":"","format":"standard","meta":{"wpb_read_more":[],"footnotes":""},"categories":[1],"tags":[],"class_list":["post-93","post","type-post","status-publish","format-standard","hentry","category-sem-categoria"],"_links":{"self":[{"href":"https:\/\/blogs2.correiobraziliense.com.br\/vicente\/wp-json\/wp\/v2\/posts\/93","targetHints":{"allow":["GET"]}}],"collection":[{"href":"https:\/\/blogs2.correiobraziliense.com.br\/vicente\/wp-json\/wp\/v2\/posts"}],"about":[{"href":"https:\/\/blogs2.correiobraziliense.com.br\/vicente\/wp-json\/wp\/v2\/types\/post"}],"author":[{"embeddable":true,"href":"https:\/\/blogs2.correiobraziliense.com.br\/vicente\/wp-json\/wp\/v2\/users\/22"}],"replies":[{"embeddable":true,"href":"https:\/\/blogs2.correiobraziliense.com.br\/vicente\/wp-json\/wp\/v2\/comments?post=93"}],"version-history":[{"count":0,"href":"https:\/\/blogs2.correiobraziliense.com.br\/vicente\/wp-json\/wp\/v2\/posts\/93\/revisions"}],"wp:attachment":[{"href":"https:\/\/blogs2.correiobraziliense.com.br\/vicente\/wp-json\/wp\/v2\/media?parent=93"}],"wp:term":[{"taxonomy":"category","embeddable":true,"href":"https:\/\/blogs2.correiobraziliense.com.br\/vicente\/wp-json\/wp\/v2\/categories?post=93"},{"taxonomy":"post_tag","embeddable":true,"href":"https:\/\/blogs2.correiobraziliense.com.br\/vicente\/wp-json\/wp\/v2\/tags?post=93"}],"curies":[{"name":"wp","href":"https:\/\/api.w.org\/{rel}","templated":true}]}}