{"id":9358,"date":"2018-10-23T18:15:06","date_gmt":"2018-10-23T20:15:06","guid":{"rendered":"https:\/\/blogs2.correiobraziliense.com.br\/vicente\/?p=9358"},"modified":"2018-10-23T20:58:38","modified_gmt":"2018-10-23T22:58:38","slug":"em-dia-de-mau-humor-dolar-sobe-e-bolsa-cai","status":"publish","type":"post","link":"https:\/\/blogs2.correiobraziliense.com.br\/vicente\/em-dia-de-mau-humor-dolar-sobe-e-bolsa-cai\/","title":{"rendered":"Em dia de mau humor, d\u00f3lar sobe e bolsa cai"},"content":{"rendered":"<p>GABRIEL PONTE<\/p>\n<p>&nbsp;<\/p>\n<p>Em um dia marcado pelo mau humor externo, a Bolsa de Valores de S\u00e3o Paulo (B3) interrompeu o rali (intensa compra e venda de ativos) observado nos dias anteriores. O Ibovespa, principal \u00edndice do preg\u00e3o paulista, encerrou a ter\u00e7a-feira com queda de 0,35%, aos 85.300 pontos. J\u00e1 o d\u00f3lar fechou os neg\u00f3cios a R$ 3,697 para venda, com leve alta de 0,22%. No exterior, a preocupa\u00e7\u00e3o com as contas p\u00fablicas italianas, o crescimento moderado da economia chinesa e o Brexit mobilizaram a aten\u00e7\u00e3o dos investidores.<\/p>\n<p>&nbsp;<\/p>\n<p>Na vis\u00e3o de Newton Rosa, economista-chefe da Sulam\u00e9rica Investimentos, a precifica\u00e7\u00e3o da elei\u00e7\u00e3o de Bolsonaro, pelo mercado, fez com que o cen\u00e1rio dom\u00e9stico seja colocado em segundo plano em um dia de mercado internacional agitado. \u201cAcho que a quest\u00e3o eleitoral perdeu for\u00e7a, exatamente porque as pesquisas mostram a consolida\u00e7\u00e3o da vit\u00f3ria de Bolsonaro. Ent\u00e3o, o setor externo est\u00e1 dando mais peso do que os temas dom\u00e9sticos. Percebemos, ontem, uma avers\u00e3o ao risco muito grande em fun\u00e7\u00e3o da quest\u00e3o da It\u00e1lia (a Comiss\u00e3o Europeia rejeitou, na ter\u00e7a, o plano de or\u00e7amento apresentado pelo pa\u00eds em 2019), al\u00e9m da queda da Bolsa chinesa. Os investidores buscam ativos mais seguros, fugindo dos emergentes. Assim, \u00e9 natural que o d\u00f3lar pressione e a Bolsa caia\u201d, explica.<\/p>\n<p>&nbsp;<\/p>\n<p>Ainda durante o preg\u00e3o, as a\u00e7\u00f5es preferenciais da Petrobras (-1,24%), que foram as mais negociadas do dia, e as ordin\u00e1rias da Vale (-2,78%) puxaram para baixo o desempenho do Ibovespa. No caso da petrol\u00edfera, destaque negativo para a queda do barril do petr\u00f3leo tipo WTI para dezembro, com recuo de 4,22%, depois do an\u00fancio da Ar\u00e1bia Saudita de que continuar\u00e1 a produzir a commodity e n\u00e3o restringir\u00e1 a oferta.<\/p>\n<p>&nbsp;<\/p>\n<p>Para Fernanda Consorte, estrategista de c\u00e2mbio do Banco Ourinvest, apesar de ter fechado em alta, o d\u00f3lar est\u00e1 sendo negociado dentro de um intervalo otimista. \u201cA moeda vem oscilando entre R$ 3,65 e R$ 3,70. Por\u00e9m, na minha opini\u00e3o, concretizando-se a vit\u00f3ria de Bolsonaro no domingo, vamos viver dois dias de \u201clua de mel\u201d na Bolsa e, depois, os investidores j\u00e1 devem come\u00e7ar a precificar as expectativas do que ser\u00e1 feito em um eventual governo dele\u201d, afirma. De acordo com a estrategista, o mercado deve \u201candar de lado\u201d nesta semana, em compasso de espera, aguardando o resultado do pleito final.<\/p>\n<p>&nbsp;<\/p>\n<p>\u00c1lvaro Bandeira, economista-chefe da Modal Mais, explica que a atitude dos investidores no preg\u00e3o de ter\u00e7a-feira foi de realiza\u00e7\u00e3o de lucros. \u201cNa \u00faltima sexta-feira, 19, os investidores estrangeiros sacaram muito dinheiro na Bolsa. Ent\u00e3o, foi normal que houvesse um certo reposicionamento de investidores. Mesmo assim, ainda acho que estamos na contram\u00e3o em compara\u00e7\u00e3o ao cen\u00e1rio estrangeiro, como \u00c1sia e Europa, que ca\u00edram muito\u201d, relata.<\/p>\n<p>&nbsp;<\/p>\n<p>Bras\u00edlia,<\/p>\n","protected":false},"excerpt":{"rendered":"<p>GABRIEL PONTE &nbsp; Em um dia marcado pelo mau humor externo, a Bolsa de Valores de S\u00e3o Paulo (B3) interrompeu o rali (intensa compra e venda de ativos) observado nos dias anteriores. O Ibovespa, principal \u00edndice do preg\u00e3o paulista, encerrou a ter\u00e7a-feira com queda de 0,35%, aos 85.300 pontos. J\u00e1 o d\u00f3lar fechou os neg\u00f3cios [&hellip;]<\/p>\n","protected":false},"author":22,"featured_media":0,"comment_status":"open","ping_status":"closed","sticky":false,"template":"","format":"standard","meta":{"wpb_read_more":[],"footnotes":""},"categories":[600],"tags":[],"class_list":["post-9358","post","type-post","status-publish","format-standard","hentry","category-economia"],"_links":{"self":[{"href":"https:\/\/blogs2.correiobraziliense.com.br\/vicente\/wp-json\/wp\/v2\/posts\/9358","targetHints":{"allow":["GET"]}}],"collection":[{"href":"https:\/\/blogs2.correiobraziliense.com.br\/vicente\/wp-json\/wp\/v2\/posts"}],"about":[{"href":"https:\/\/blogs2.correiobraziliense.com.br\/vicente\/wp-json\/wp\/v2\/types\/post"}],"author":[{"embeddable":true,"href":"https:\/\/blogs2.correiobraziliense.com.br\/vicente\/wp-json\/wp\/v2\/users\/22"}],"replies":[{"embeddable":true,"href":"https:\/\/blogs2.correiobraziliense.com.br\/vicente\/wp-json\/wp\/v2\/comments?post=9358"}],"version-history":[{"count":2,"href":"https:\/\/blogs2.correiobraziliense.com.br\/vicente\/wp-json\/wp\/v2\/posts\/9358\/revisions"}],"predecessor-version":[{"id":9360,"href":"https:\/\/blogs2.correiobraziliense.com.br\/vicente\/wp-json\/wp\/v2\/posts\/9358\/revisions\/9360"}],"wp:attachment":[{"href":"https:\/\/blogs2.correiobraziliense.com.br\/vicente\/wp-json\/wp\/v2\/media?parent=9358"}],"wp:term":[{"taxonomy":"category","embeddable":true,"href":"https:\/\/blogs2.correiobraziliense.com.br\/vicente\/wp-json\/wp\/v2\/categories?post=9358"},{"taxonomy":"post_tag","embeddable":true,"href":"https:\/\/blogs2.correiobraziliense.com.br\/vicente\/wp-json\/wp\/v2\/tags?post=9358"}],"curies":[{"name":"wp","href":"https:\/\/api.w.org\/{rel}","templated":true}]}}