{"id":9365,"date":"2018-10-24T17:42:38","date_gmt":"2018-10-24T19:42:38","guid":{"rendered":"https:\/\/blogs2.correiobraziliense.com.br\/vicente\/?p=9365"},"modified":"2018-10-24T17:50:28","modified_gmt":"2018-10-24T19:50:28","slug":"falta-de-dados-sobre-o-setor-da-pesca-prejudicam-regulamentacao","status":"publish","type":"post","link":"https:\/\/blogs2.correiobraziliense.com.br\/vicente\/falta-de-dados-sobre-o-setor-da-pesca-prejudicam-regulamentacao\/","title":{"rendered":"Falta de dados sobre o setor da pesca prejudica regulamenta\u00e7\u00e3o"},"content":{"rendered":"<h2>BRUNO SANTA RITA<\/h2>\n<h2><\/h2>\n<h2>O setor de pesca \u2014 um dos mais expressivos em quest\u00f5es socioecon\u00f4micas no pa\u00eds \u2014 sofre com o atraso de tecnologias para reportar o conte\u00fado capturado. Segundo pesquisa do ocean\u00f3grafo Guilherme Scheidt que comp\u00f5e um projeto elaborado pela Organiza\u00e7\u00e3o dos Estados Ibero-americanos (OEI) e a Secretaria Especial da Aquicultura e da Pesca (SEAP\/PR), os levantamentos estat\u00edsticos nacionais da \u00e1rea est\u00e3o defasados.<\/h2>\n<h2><\/h2>\n<p>\u201cSe a gente n\u00e3o sabe o que est\u00e1 sendo capturado, como a gente sabe o que acontece naquela pescaria\u201d, criticou Scheidt. Ele explicou que a falta de informa\u00e7\u00f5es sobre o quantitativo e o tipo de pesca capturado atrapalha na hora de avaliar, inclusive, quest\u00f5es de legalidade da pr\u00e1tica. Scheidt lembra que a maior parte dos dados existentes s\u00e3o levantamentos de cerca de 10 anos atr\u00e1s.<\/p>\n<p>&nbsp;<\/p>\n<p>A proposta dele para melhorar a apura\u00e7\u00e3o desse conte\u00fado gira em torno do advento tecnol\u00f3gico. De acordo com a pesquisa de Scheidt, a implementa\u00e7\u00e3o de tablets ou smartphone com um aplicativo que possibilite o credenciamento das esp\u00e9cies capturadas no momento da pr\u00e1tica seria menos penoso financeiramente para o governo a longo prazo. \u201cAtrav\u00e9s do smartphone voc\u00ea monta um banco de dados, verifica se a informa\u00e7\u00e3o \u00e9 verdadeira e passa a ter volume de dados maior para analisar\u201d, defendeu.<\/p>\n<p>&nbsp;<\/p>\n<p>Hoje, essas informa\u00e7\u00f5es s\u00e3o colhidas pelos pescadores com anota\u00e7\u00f5es em papel. Ap\u00f3s o registro, a papelada \u00e9 levada para o \u00f3rg\u00e3o respons\u00e1vel onde ela ser\u00e1 digitada e computada. Esse processo, segundo o ocean\u00f3grafo, pode trazer um atraso de at\u00e9 tr\u00eas anos para o fechamento de um per\u00edodo de pesca.<\/p>\n<p>&nbsp;<\/p>\n<p>Al\u00e9m disso, o pesquisador observou que a gest\u00e3o pesqueira no Brasil passou por v\u00e1rias transi\u00e7\u00f5es nos \u00faltimos anos. \u201cForam v\u00e1rias oscila\u00e7\u00f5es, n\u00e3o s\u00f3 tecnol\u00f3gicas, mas institucionais. A falta de recurso inviabiliza o foco de servidores em temas espec\u00edficos por demasiado tempo. Al\u00e9m disso, o setor j\u00e1 foi de responsabilidade de outros \u00f3rg\u00e3os e, agora, est\u00e1 nas m\u00e3os da secretaria de pesca, dentro do Planalto\u201d.<\/p>\n<p>&nbsp;<\/p>\n<p>O objetivo desse projeto elaborado pela OEI em parceria com a SEAP\/PR \u00e9, justamente, atualizar a pesquisas sobre o setor para dar suporte \u00e0 melhorias. De acordo com o diretor da OEI, Raphael Callou, o conglomerado de pesquisas apontam para \u201ctodos os desafios considerando, tamb\u00e9m, os avan\u00e7os e os casos de sucesso\u201d, disse.<\/p>\n<p>&nbsp;<\/p>\n<p>Callou lembra que essas informa\u00e7\u00f5es, atualmente, n\u00e3o s\u00e3o produzidas anualmente e que, por um tempo, foram feita apenas por amostragem. \u201cUm setor com todo esse potencial que tem uma atua\u00e7\u00e3o global representativa precisa ter mais aten\u00e7\u00e3o\u201d, declarou. Ele considera que um diagn\u00f3stico bem apurado \u00e9 um fator determinante para o setor.<\/p>\n<p>&nbsp;<\/p>\n<p>A respeito do aspecto socioecon\u00f4mico, o diretor da OEI explica que o setor \u00e9 muito importante para demandas alimentares. \u201cNesse ponto, a gente entra no aspecto da seguran\u00e7a alimentar. O setor tem grande capacidade para cumprir as pr\u00f3prias demandas internas no pa\u00eds e contribuir para a gera\u00e7\u00e3o de renda das pessoas\u201d, explicou. Ele compara que a pesca de pequeno atores desse ramo \u00e9 semelhante a agricultura familiar. \u201cPequenos produtores t\u00eam impacto muito grande no consumo nacional\u201d, informou.<\/p>\n<p>&nbsp;<\/p>\n<p><strong>\u00d3leo diesel<\/strong><\/p>\n<p>&nbsp;<\/p>\n<p>O drama que envolve o combust\u00edvel diesel n\u00e3o se restringe apenas aos caminh\u00f5es. Os barcos de pesca tamb\u00e9m s\u00e3o movidos pelo mesmo tipo de combust\u00edvel. O impacto do diesel \u00e9, ent\u00e3o, um ponto a ser observado na hora de se pensar o custo da produ\u00e7\u00e3o do produto. \u201cTodos os setores que trabalham com log\u00edstica s\u00e3o impactados\u201d, explicou Callou. A publica\u00e7\u00e3o traz uma reflex\u00e3o sobre o tema e discute uma redu\u00e7\u00e3o para os custos, bem como o mantimento de subs\u00eddios para o diesel.<\/p>\n<p>&nbsp;<\/p>\n<p>\u201cO nosso peixe acaba tendo custo maior de produ\u00e7\u00e3o em fun\u00e7\u00e3o do pre\u00e7o internacional do \u00f3leo diesel\u201d, analisou Scheidt. Segundo ele, os pesqueiros reclamam do pre\u00e7o do combust\u00edvel para a realiza\u00e7\u00e3o das atividades.<\/p>\n<p>&nbsp;<\/p>\n<p><em>Bras\u00edlia, 17h39min<\/em><\/p>\n","protected":false},"excerpt":{"rendered":"<p>BRUNO SANTA RITA O setor de pesca \u2014 um dos mais expressivos em quest\u00f5es socioecon\u00f4micas no pa\u00eds \u2014 sofre com o atraso de tecnologias para reportar o conte\u00fado capturado. Segundo pesquisa do ocean\u00f3grafo Guilherme Scheidt que comp\u00f5e um projeto elaborado pela Organiza\u00e7\u00e3o dos Estados Ibero-americanos (OEI) e a Secretaria Especial da Aquicultura e da Pesca [&hellip;]<\/p>\n","protected":false},"author":22,"featured_media":0,"comment_status":"open","ping_status":"closed","sticky":false,"template":"","format":"standard","meta":{"wpb_read_more":[],"footnotes":""},"categories":[600],"tags":[3630,3628,3629,1245],"class_list":["post-9365","post","type-post","status-publish","format-standard","hentry","category-economia","tag-defasado","tag-pesca","tag-setor","tag-tecnologia"],"_links":{"self":[{"href":"https:\/\/blogs2.correiobraziliense.com.br\/vicente\/wp-json\/wp\/v2\/posts\/9365","targetHints":{"allow":["GET"]}}],"collection":[{"href":"https:\/\/blogs2.correiobraziliense.com.br\/vicente\/wp-json\/wp\/v2\/posts"}],"about":[{"href":"https:\/\/blogs2.correiobraziliense.com.br\/vicente\/wp-json\/wp\/v2\/types\/post"}],"author":[{"embeddable":true,"href":"https:\/\/blogs2.correiobraziliense.com.br\/vicente\/wp-json\/wp\/v2\/users\/22"}],"replies":[{"embeddable":true,"href":"https:\/\/blogs2.correiobraziliense.com.br\/vicente\/wp-json\/wp\/v2\/comments?post=9365"}],"version-history":[{"count":2,"href":"https:\/\/blogs2.correiobraziliense.com.br\/vicente\/wp-json\/wp\/v2\/posts\/9365\/revisions"}],"predecessor-version":[{"id":9367,"href":"https:\/\/blogs2.correiobraziliense.com.br\/vicente\/wp-json\/wp\/v2\/posts\/9365\/revisions\/9367"}],"wp:attachment":[{"href":"https:\/\/blogs2.correiobraziliense.com.br\/vicente\/wp-json\/wp\/v2\/media?parent=9365"}],"wp:term":[{"taxonomy":"category","embeddable":true,"href":"https:\/\/blogs2.correiobraziliense.com.br\/vicente\/wp-json\/wp\/v2\/categories?post=9365"},{"taxonomy":"post_tag","embeddable":true,"href":"https:\/\/blogs2.correiobraziliense.com.br\/vicente\/wp-json\/wp\/v2\/tags?post=9365"}],"curies":[{"name":"wp","href":"https:\/\/api.w.org\/{rel}","templated":true}]}}