{"id":9368,"date":"2018-10-24T21:01:53","date_gmt":"2018-10-24T23:01:53","guid":{"rendered":"https:\/\/blogs2.correiobraziliense.com.br\/vicente\/?p=9368"},"modified":"2018-10-24T22:10:40","modified_gmt":"2018-10-25T00:10:40","slug":"paulo-caffarelli-esta-de-saida-do-bb-vai-para-a-iniciativa-privada","status":"publish","type":"post","link":"https:\/\/blogs2.correiobraziliense.com.br\/vicente\/paulo-caffarelli-esta-de-saida-do-bb-vai-para-a-iniciativa-privada\/","title":{"rendered":"Paulo Caffarelli est\u00e1 de sa\u00edda do BB. Vai para a iniciativa privada"},"content":{"rendered":"<p>O presidente do Banco do Brasil, Paulo Rog\u00e9rio Caffarelli, j\u00e1 definiu o destino dele p\u00f3s-elei\u00e7\u00e3o presidencial: vai trocar a institui\u00e7\u00e3o p\u00fablica pela iniciativa privada. Dos v\u00e1rios convites que recebeu, a maioria para ganhar mais do que recebe no BB, o que mais lhe chamou a aten\u00e7\u00e3o foi a oferta de uma empresa de cart\u00e3o de cr\u00e9dito.<\/p>\n<p>&nbsp;<\/p>\n<p><a href=\"https:\/\/blogs2.correiobraziliense.com.br\/vicente\/wp-content\/uploads\/sites\/16\/2018\/10\/Caffarelli.jpg\"><img loading=\"lazy\" decoding=\"async\" class=\"alignnone size-full wp-image-9369\" src=\"https:\/\/blogs2.correiobraziliense.com.br\/vicente\/wp-content\/uploads\/sites\/16\/2018\/10\/Caffarelli.jpg\" alt=\"\" width=\"820\" height=\"491\" srcset=\"https:\/\/blogs2.correiobraziliense.com.br\/vicente\/wp-content\/uploads\/sites\/16\/2018\/10\/Caffarelli.jpg 820w, https:\/\/blogs2.correiobraziliense.com.br\/vicente\/wp-content\/uploads\/sites\/16\/2018\/10\/Caffarelli-300x180.jpg 300w, https:\/\/blogs2.correiobraziliense.com.br\/vicente\/wp-content\/uploads\/sites\/16\/2018\/10\/Caffarelli-768x460.jpg 768w, https:\/\/blogs2.correiobraziliense.com.br\/vicente\/wp-content\/uploads\/sites\/16\/2018\/10\/Caffarelli-350x210.jpg 350w, https:\/\/blogs2.correiobraziliense.com.br\/vicente\/wp-content\/uploads\/sites\/16\/2018\/10\/Caffarelli-550x329.jpg 550w, https:\/\/blogs2.correiobraziliense.com.br\/vicente\/wp-content\/uploads\/sites\/16\/2018\/10\/Caffarelli-230x138.jpg 230w\" sizes=\"auto, (max-width: 820px) 100vw, 820px\" \/><\/a><\/p>\n<p>&nbsp;<\/p>\n<p>Caffarelli come\u00e7ou no Banco do Brasil como menor aprendiz. J\u00e1 fez de tudo na institui\u00e7\u00e3o. Chegou ao comando do banco pelas m\u00e3os do ent\u00e3o ministro da Fazenda, Henrique Meirelles, no in\u00edcio do governo de Michel Temer.<\/p>\n<p>&nbsp;<\/p>\n<p>O presidente do BB, por sinal, \u00e9 muito bem avaliado pelo time econ\u00f4mico do candidato Jair Bolsonaro (PSL). Em v\u00e1rias oportunidades, assessores de Paulo Guedes, futuro ministro da Economia em caso de vit\u00f3ria do capit\u00e3o da reserva, disseram que, se quiser, Caffarelli continuar\u00e1 no cargo. Mas ele prefere al\u00e7ar outros voos.<\/p>\n<p>&nbsp;<\/p>\n<p>A sa\u00edda de Caffarelli do BB vem sendo tratada com muito reserva. Somente o seu c\u00edrculo mais pr\u00f3ximo no banco sabe de todos os detalhes da decis\u00e3o dele de ir para a iniciativa privada. Ser\u00e1 uma transi\u00e7\u00e3o tranquila, negociada com Temer. Dependendo para onde for, ter\u00e1 que cumprir um prazo de quarentena.<\/p>\n<p>&nbsp;<\/p>\n<p>Mesmo que v\u00e1 para a iniciativa privada, a meta de Caffarelli \u00e9 manter resid\u00eancia fixa em Bras\u00edlia, onde est\u00e1 sua fam\u00edlia. Hoje, como presidente do BB, ele j\u00e1 passa tr\u00eas dias por semana em S\u00e3o Paulo ou visitando ag\u00eancias em outros estadao. Mesmo com a rotina pesada, n\u00e3o abre m\u00e3o das aulas de karat\u00ea assim que o dia amanhece.<\/p>\n<p>&nbsp;<\/p>\n<p><em>Bras\u00edlia,\u00a0 21h01min<\/em><\/p>\n","protected":false},"excerpt":{"rendered":"<p>O presidente do Banco do Brasil, Paulo Rog\u00e9rio Caffarelli, j\u00e1 definiu o destino dele p\u00f3s-elei\u00e7\u00e3o presidencial: vai trocar a institui\u00e7\u00e3o p\u00fablica pela iniciativa privada. Dos v\u00e1rios convites que recebeu, a maioria para ganhar mais do que recebe no BB, o que mais lhe chamou a aten\u00e7\u00e3o foi a oferta de uma empresa de cart\u00e3o de [&hellip;]<\/p>\n","protected":false},"author":22,"featured_media":0,"comment_status":"open","ping_status":"closed","sticky":false,"template":"","format":"standard","meta":{"wpb_read_more":[],"footnotes":""},"categories":[600],"tags":[],"class_list":["post-9368","post","type-post","status-publish","format-standard","hentry","category-economia"],"_links":{"self":[{"href":"https:\/\/blogs2.correiobraziliense.com.br\/vicente\/wp-json\/wp\/v2\/posts\/9368","targetHints":{"allow":["GET"]}}],"collection":[{"href":"https:\/\/blogs2.correiobraziliense.com.br\/vicente\/wp-json\/wp\/v2\/posts"}],"about":[{"href":"https:\/\/blogs2.correiobraziliense.com.br\/vicente\/wp-json\/wp\/v2\/types\/post"}],"author":[{"embeddable":true,"href":"https:\/\/blogs2.correiobraziliense.com.br\/vicente\/wp-json\/wp\/v2\/users\/22"}],"replies":[{"embeddable":true,"href":"https:\/\/blogs2.correiobraziliense.com.br\/vicente\/wp-json\/wp\/v2\/comments?post=9368"}],"version-history":[{"count":3,"href":"https:\/\/blogs2.correiobraziliense.com.br\/vicente\/wp-json\/wp\/v2\/posts\/9368\/revisions"}],"predecessor-version":[{"id":9372,"href":"https:\/\/blogs2.correiobraziliense.com.br\/vicente\/wp-json\/wp\/v2\/posts\/9368\/revisions\/9372"}],"wp:attachment":[{"href":"https:\/\/blogs2.correiobraziliense.com.br\/vicente\/wp-json\/wp\/v2\/media?parent=9368"}],"wp:term":[{"taxonomy":"category","embeddable":true,"href":"https:\/\/blogs2.correiobraziliense.com.br\/vicente\/wp-json\/wp\/v2\/categories?post=9368"},{"taxonomy":"post_tag","embeddable":true,"href":"https:\/\/blogs2.correiobraziliense.com.br\/vicente\/wp-json\/wp\/v2\/tags?post=9368"}],"curies":[{"name":"wp","href":"https:\/\/api.w.org\/{rel}","templated":true}]}}