{"id":937,"date":"2016-05-11T08:01:20","date_gmt":"2016-05-11T11:01:20","guid":{"rendered":"https:\/\/blogs2.correiobraziliense.com.br\/vicente\/?p=937"},"modified":"2016-05-11T08:01:20","modified_gmt":"2016-05-11T11:01:20","slug":"autodestruicao-de-uma-presidente","status":"publish","type":"post","link":"https:\/\/blogs2.correiobraziliense.com.br\/vicente\/autodestruicao-de-uma-presidente\/","title":{"rendered":"A AUTODESTRUI\u00c7\u00c3O DE UMA PRESIDENTE"},"content":{"rendered":"<p>Logo ap\u00f3s ser eleito presidente do Brasil em 2002, o petista Luiz In\u00e1cio Lula da Silva usou e abusou do termo heran\u00e7a maldita, cunhado por seus marqueteiros de campanha, para colar em Fernando Henrique Cardoso, ent\u00e3o chefe do Executivo, a pecha de incompetente. Em alto e bom som, pregava que, ao assumir o governo, o tucano lhe entregaria um fardo de problemas que levariam anos para ser superados. Lula se posicionava como o salvador da p\u00e1tria, embalado na promessa de esperan\u00e7a de um pa\u00eds melhor.<\/p>\n<p>&nbsp;<\/p>\n<p>T\u00e3o logo, por\u00e9m, chegou ao Pal\u00e1cio do Planalto, Lula n\u00e3o s\u00f3 manteve a pol\u00edtica econ\u00f4mica do tucano, como a refor\u00e7ou. Animal pol\u00edtico, o petista acatou todos os conselhos dos bons economistas que o cercavam. Conseguiu derrubar a infla\u00e7\u00e3o, impulsionou o crescimento econ\u00f4mico e p\u00f4de levar adiante um admir\u00e1vel programa social. Foi um presidente altamente popular. Tanto que, se as elei\u00e7\u00f5es fossem hoje, teria grandes chances de voltar ao Pal\u00e1cio do Planalto, mesmo com todas as acusa\u00e7\u00f5es de corrup\u00e7\u00e3o que pesam sobre ele.<\/p>\n<p>&nbsp;<\/p>\n<p>Quando escolheu Dilma Rousseff para suced\u00ea-lo, Lula acreditava que a eficiente ministra da Casa Civil seria um trunfo para consolidar o projeto de poder do PT, que tantas vezes havia sido derrotado. Mulher, torturada pela ditadura, fiel e com fama de \u00f3tima gerente, Dilma pavimentaria o caminho para que seu criador voltasse aos bra\u00e7os do povo quando 2018 chegasse. As urnas sancionaram os planos do l\u00edder petista.<\/p>\n<p>&nbsp;<\/p>\n<p>O que se v\u00ea hoje, por\u00e9m, \u00e9 o fim antecipado da era PT. Dois anos e meio antes do previsto para o encerramento de seu mandato, a presidente Dilma dever\u00e1 ser afastada de forma melanc\u00f3lica do poder pelo Senado.<\/p>\n<p>&nbsp;<\/p>\n<p><b>Porta dos fundos<\/b><\/p>\n<p>&nbsp;<\/p>\n<p>Dilma j\u00e1 garantiu seu lugar na hist\u00f3ria, n\u00e3o apenas por ser a segunda chefe de governo a sofrer impeachment em apenas 24 anos. Pela heran\u00e7a maldita que construiu desde 2011, quando tomou posse, liderar\u00e1, com folga, a lista dos piores presidentes do per\u00edodo republicano. Ao descer a rampa do Planalto \u2014 ou mesmo ao sair pela porta dos fundos \u2014, a petista deixar\u00e1 a seu sucessor, Michel Temer, um pa\u00eds arrasado, mergulhado em uma grav\u00edssima recess\u00e3o, com infla\u00e7\u00e3o de quase 10%, mais de 11 milh\u00f5es de desempregados, d\u00edvida p\u00fablica encostando nos 70% do Produto Interno Bruto (PIB) e rombo de pelo menos R$ 100 bilh\u00f5es nas contas federais somente neste ano.<\/p>\n<p>&nbsp;<\/p>\n<p>At\u00e9 o \u00faltimo instante da sess\u00e3o de hoje do Senado que definir\u00e1 seu afastamento, Dilma dir\u00e1 que \u00e9 inocente e que n\u00e3o cometeu nenhum crime que justifique uma puni\u00e7\u00e3o t\u00e3o severa, como a perda de um mandato garantido por mais de 54 milh\u00f5es de votos. Mas foi ela pr\u00f3pria quem definiu o destino que agora refuta. A presidente se mostrou incapaz para o cargo. Alimentada pela arrog\u00e2ncia e pela emp\u00e1fia, foi desconstruindo todas as qualidades que o pa\u00eds acreditava que ela tinha. A gerentona era, na verdade, incapaz de comandar equipes, de definir projetos e prioridades. Era incapaz de ouvir.<\/p>\n<p>&nbsp;<\/p>\n<p>A mulher intolerante com malfeitos se cercou de pessoas cujo \u00fanico intuito era tirar proveito dos cargos que ocupavam. N\u00e3o por acaso, boa parte delas est\u00e1 na mira da pol\u00edcia. A faxina \u00e9tica que executou nos primeiros meses de mandato n\u00e3o passou de campanha de marketing. Foi, por\u00e9m, na economia, que Dilma cometeu seus maiores pecados. Dona da verdade, obrigou o Banco Central a cortar juros mesmo com o custo de vida em alta. Mandou a Petrobras segurar os pre\u00e7os dos combust\u00edveis e determinou \u00e0s empresas de energia que reduzissem a conta de luz para dar uma falsa sensa\u00e7\u00e3o de bem-estar \u00e0 popula\u00e7\u00e3o. Usou e abusou do caixa do Tesouro Nacional para bancar suas excentricidades e pedalou com os bancos p\u00fablicos.<\/p>\n<p>&nbsp;<\/p>\n<p>A presidente que se gaba de ser honesta tripudiou a Lei de Responsabilidade Fiscal (LRF) e fechou os olhos para a organiza\u00e7\u00e3o criminosa comandada por seu partido, que saqueou a Petrobras. Tanto fez para proteger colegas petistas e empreiteiros corruptos que o procurador-geral da Rep\u00fablica, Rodrigo Janot, pediu ao Supremo Tribunal Federal (STF) abertura de inqu\u00e9rito para investig\u00e1-la por suposta obstru\u00e7\u00e3o \u00e0 Justi\u00e7a, ao tentar atrapalhar as investiga\u00e7\u00f5es da Lava-Jato.<\/p>\n<p>&nbsp;<\/p>\n<p><b>Feridas expostas<\/b><\/p>\n<p>&nbsp;<\/p>\n<p>Apesar do desastre que Dilma provocou no pa\u00eds, que culminou com uma crise pol\u00edtica sem precedentes, ningu\u00e9m est\u00e1 feliz por ver mais um presidente da Rep\u00fablica ser apeado do poder. Ser\u00e1 um trauma que deixar\u00e1 cicatrizes profundas. Mas n\u00e3o h\u00e1 outro caminho. Dilma perdeu a capacidade de governar. Esse foi o verdadeiro golpe dado no pa\u00eds. A economia est\u00e1 parada. Uma em cada tr\u00eas f\u00e1bricas deixou de produzir. Mais de 1,8 milh\u00e3o de empresas fecharam as portas apenas em 2015. A perspectiva \u00e9 de que o n\u00famero de desempregados chegue a 14 milh\u00f5es at\u00e9 o fim do ano. Tudo isso mostra, na avalia\u00e7\u00e3o do economista Carlos Thadeu Filho, s\u00f3cio da Consultoria MacroAgro, que o Brasil regrediu pelo menos 10 anos e comprometeu o futuro de gera\u00e7\u00f5es.<\/p>\n<p>&nbsp;<\/p>\n<p>Estudos de integrantes da equipe econ\u00f4mica apontam que, com Dilma no poder at\u00e9 o dezembro de 2018, o pa\u00eds mergulharia numa profunda depress\u00e3o econ\u00f4mica. A destrui\u00e7\u00e3o da confian\u00e7a entre os agentes produtivos foi t\u00e3o forte que mesmo que Michel Temer re\u00fana o melhor time do mundo \u2014 o que est\u00e1 descartado \u2014, levar\u00e1 anos para se reconstruir os pilares da estabilidade. O Brasil, infelizmente, ainda sofrer\u00e1 muito at\u00e9 curar todas as feridas. Tomara que, mais \u00e0 frente, todo o flagelo seja compensado. Mas, por enquanto, o que temos no horizonte s\u00e3o apenas promessas. Nada mais que isso.<\/p>\n<p>&nbsp;<\/p>\n<p>Bras\u00edlia, 08h01min<\/p>\n","protected":false},"excerpt":{"rendered":"<p>Logo ap\u00f3s ser eleito presidente do Brasil em 2002, o petista Luiz In\u00e1cio Lula da Silva usou e abusou do termo heran\u00e7a maldita, cunhado por seus marqueteiros de campanha, para colar em Fernando Henrique Cardoso, ent\u00e3o chefe do Executivo, a pecha de incompetente. Em alto e bom som, pregava que, ao assumir o governo, o [&hellip;]<\/p>\n","protected":false},"author":22,"featured_media":0,"comment_status":"open","ping_status":"closed","sticky":false,"template":"","format":"standard","meta":{"wpb_read_more":[],"footnotes":""},"categories":[1],"tags":[],"class_list":["post-937","post","type-post","status-publish","format-standard","hentry","category-sem-categoria"],"_links":{"self":[{"href":"https:\/\/blogs2.correiobraziliense.com.br\/vicente\/wp-json\/wp\/v2\/posts\/937","targetHints":{"allow":["GET"]}}],"collection":[{"href":"https:\/\/blogs2.correiobraziliense.com.br\/vicente\/wp-json\/wp\/v2\/posts"}],"about":[{"href":"https:\/\/blogs2.correiobraziliense.com.br\/vicente\/wp-json\/wp\/v2\/types\/post"}],"author":[{"embeddable":true,"href":"https:\/\/blogs2.correiobraziliense.com.br\/vicente\/wp-json\/wp\/v2\/users\/22"}],"replies":[{"embeddable":true,"href":"https:\/\/blogs2.correiobraziliense.com.br\/vicente\/wp-json\/wp\/v2\/comments?post=937"}],"version-history":[{"count":1,"href":"https:\/\/blogs2.correiobraziliense.com.br\/vicente\/wp-json\/wp\/v2\/posts\/937\/revisions"}],"predecessor-version":[{"id":938,"href":"https:\/\/blogs2.correiobraziliense.com.br\/vicente\/wp-json\/wp\/v2\/posts\/937\/revisions\/938"}],"wp:attachment":[{"href":"https:\/\/blogs2.correiobraziliense.com.br\/vicente\/wp-json\/wp\/v2\/media?parent=937"}],"wp:term":[{"taxonomy":"category","embeddable":true,"href":"https:\/\/blogs2.correiobraziliense.com.br\/vicente\/wp-json\/wp\/v2\/categories?post=937"},{"taxonomy":"post_tag","embeddable":true,"href":"https:\/\/blogs2.correiobraziliense.com.br\/vicente\/wp-json\/wp\/v2\/tags?post=937"}],"curies":[{"name":"wp","href":"https:\/\/api.w.org\/{rel}","templated":true}]}}