{"id":9373,"date":"2018-10-25T18:18:06","date_gmt":"2018-10-25T20:18:06","guid":{"rendered":"https:\/\/blogs2.correiobraziliense.com.br\/vicente\/?p=9373"},"modified":"2018-10-25T21:11:08","modified_gmt":"2018-10-25T23:11:08","slug":"marcelo-labuto-sera-novo-presidente-do-bb-mas-se-ganhar-bolsonaro-pode-substitui-lo","status":"publish","type":"post","link":"https:\/\/blogs2.correiobraziliense.com.br\/vicente\/marcelo-labuto-sera-novo-presidente-do-bb-mas-se-ganhar-bolsonaro-pode-substitui-lo\/","title":{"rendered":"Marcelo Labuto ser\u00e1 novo presidente do BB. Mas, se ganhar, Bolsonaro pode substitu\u00ed-lo"},"content":{"rendered":"<p>Est\u00e1 batido o martelo. Paulo Rog\u00e9rio Caffarelli vai deixar a presid\u00eancia do Banco do Brasil e ser\u00e1 substitu\u00eddo por Marcelo Labuto. A princ\u00edpio, ser\u00e1 uma Presid\u00eancia de transi\u00e7\u00e3o, pois n\u00e3o se sabe se o vencedor das elei\u00e7\u00f5es manter\u00e1 o comando do BB intacto. Bolsonaro, que lidera as pesquisas de inten\u00e7\u00e3o de voto, havia pedido ao presidente Michel Temer que suspendesse todas as nomea\u00e7\u00f5es at\u00e9 que se saiba o resultado das urnas.<\/p>\n<p>&nbsp;<\/p>\n<p>Caffarelli, <a href=\"https:\/\/blogs2.correiobraziliense.com.br\/vicente\/paulo-caffarelli-esta-de-saida-do-bb-vai-para-a-iniciativa-privada\/\">cuja sa\u00edda do BB foi antecipada pelo <strong>Blog<\/strong><\/a> na quarta-feira, ir\u00e1 presidir a Cielo, empresa que administra m\u00e1quinas de cart\u00e3o de cr\u00e9dito e que viu sua lideran\u00e7a ser abalada pela entrada de concorrentes de peso nas transa\u00e7\u00f5es com dinheiro de pl\u00e1stico. Ele come\u00e7ou no BB como menor aprendiz. Licenciou-se para exercer cargos no governo.<\/p>\n<p>&nbsp;<\/p>\n<p>Quando Dilma Rousseff era presidente, Guido Mantega o convidou para ser secret\u00e1rio-executivo do Minist\u00e9rio da Fazenda, o segundo cargo mais importante na hierarquia da pasta. Com Michel Temer no Planalto e Henrique Meirelles comandando a economia, Caffarelli foi colocado na Presid\u00eancia do BB. Hoje ele passa tr\u00eas dias por semana fora de Bras\u00edlia, sobretudo em S\u00e3o Paulo. Uma das raz\u00f5es para a mudan\u00e7a de emprego \u00e9 passar mais tempo em Bras\u00edlia, onde vive a fam\u00edlia.<\/p>\n<p>&nbsp;<\/p>\n<p>Labuto \u00e9 tamb\u00e9m \u00e9 funcion\u00e1rio de carreira do BB, institui\u00e7\u00e3o na qual atua desde 1992. Foi presidente da BB Seguridade. Atualmente, \u00e9 vice-presidente de Neg\u00f3cios e Varejo.<\/p>\n<p>&nbsp;<\/p>\n<p><em>Bras\u00edlia, 18h18min<\/em><\/p>\n","protected":false},"excerpt":{"rendered":"<p>Est\u00e1 batido o martelo. Paulo Rog\u00e9rio Caffarelli vai deixar a presid\u00eancia do Banco do Brasil e ser\u00e1 substitu\u00eddo por Marcelo Labuto. A princ\u00edpio, ser\u00e1 uma Presid\u00eancia de transi\u00e7\u00e3o, pois n\u00e3o se sabe se o vencedor das elei\u00e7\u00f5es manter\u00e1 o comando do BB intacto. Bolsonaro, que lidera as pesquisas de inten\u00e7\u00e3o de voto, havia pedido ao [&hellip;]<\/p>\n","protected":false},"author":22,"featured_media":0,"comment_status":"open","ping_status":"closed","sticky":false,"template":"","format":"standard","meta":{"wpb_read_more":[],"footnotes":""},"categories":[600],"tags":[],"class_list":["post-9373","post","type-post","status-publish","format-standard","hentry","category-economia"],"_links":{"self":[{"href":"https:\/\/blogs2.correiobraziliense.com.br\/vicente\/wp-json\/wp\/v2\/posts\/9373","targetHints":{"allow":["GET"]}}],"collection":[{"href":"https:\/\/blogs2.correiobraziliense.com.br\/vicente\/wp-json\/wp\/v2\/posts"}],"about":[{"href":"https:\/\/blogs2.correiobraziliense.com.br\/vicente\/wp-json\/wp\/v2\/types\/post"}],"author":[{"embeddable":true,"href":"https:\/\/blogs2.correiobraziliense.com.br\/vicente\/wp-json\/wp\/v2\/users\/22"}],"replies":[{"embeddable":true,"href":"https:\/\/blogs2.correiobraziliense.com.br\/vicente\/wp-json\/wp\/v2\/comments?post=9373"}],"version-history":[{"count":6,"href":"https:\/\/blogs2.correiobraziliense.com.br\/vicente\/wp-json\/wp\/v2\/posts\/9373\/revisions"}],"predecessor-version":[{"id":9379,"href":"https:\/\/blogs2.correiobraziliense.com.br\/vicente\/wp-json\/wp\/v2\/posts\/9373\/revisions\/9379"}],"wp:attachment":[{"href":"https:\/\/blogs2.correiobraziliense.com.br\/vicente\/wp-json\/wp\/v2\/media?parent=9373"}],"wp:term":[{"taxonomy":"category","embeddable":true,"href":"https:\/\/blogs2.correiobraziliense.com.br\/vicente\/wp-json\/wp\/v2\/categories?post=9373"},{"taxonomy":"post_tag","embeddable":true,"href":"https:\/\/blogs2.correiobraziliense.com.br\/vicente\/wp-json\/wp\/v2\/tags?post=9373"}],"curies":[{"name":"wp","href":"https:\/\/api.w.org\/{rel}","templated":true}]}}