{"id":9381,"date":"2018-10-26T11:20:21","date_gmt":"2018-10-26T13:20:21","guid":{"rendered":"https:\/\/blogs2.correiobraziliense.com.br\/vicente\/?p=9381"},"modified":"2018-10-26T21:45:08","modified_gmt":"2018-10-26T23:45:08","slug":"dividas-de-servidores-e-de-aposentados-do-inss-batem-recorde","status":"publish","type":"post","link":"https:\/\/blogs2.correiobraziliense.com.br\/vicente\/dividas-de-servidores-e-de-aposentados-do-inss-batem-recorde\/","title":{"rendered":"D\u00edvidas de servidores e de aposentados do INSS batem recorde"},"content":{"rendered":"<p>MAR\u00cdLIA SENA<\/p>\n<p>&nbsp;<\/p>\n<p>A despeito do clima de incerteza na economia, por causa das elei\u00e7\u00f5es presidenciais, os servidores p\u00fablicos e os aposentados e pensionistas do Instituto Nacional do Seguro Social (INSS) continuam se endividando. E muito. Dados do Banco Central mostram que, apenas neste ano, os d\u00e9bitos do funcionalismo no cr\u00e9dito consignado aumentaram R$ 8,4 bilh\u00f5es, totalizando, em setembro, R$ 184,6 bilh\u00f5es.<\/p>\n<p>&nbsp;<\/p>\n<p>Entre os segurados do INSS, o crescimento das d\u00edvidas com consignado nos nove primeiros meses do ano foi de R$ 10,1 bilh\u00f5es, ou seja, mais de R$ 1 bilh\u00e3o por m\u00eas. No total, aposentados e pensionistas devem aos bancos, apenas nessa modalidade de cr\u00e9dito, R$ 126,3 bilh\u00f5es, tamb\u00e9m valor sem precedentes na s\u00e9rie hist\u00f3rica do Banco Central.<\/p>\n<p>&nbsp;<\/p>\n<p>Segundo os especialistas, os bancos veem esse p\u00fablico como de baix\u00edssimo risco, uma vez que o contracheque \u00e9 garantido. Ou seja, o risco de calote \u00e9 m\u00ednimo. O que precisa, acrescentam, \u00e9 alertar contra o superendividamento. H\u00e1 casos entre servidores que as d\u00edvidas, incluindo o consignado, engolem at\u00e9 80% do sal\u00e1rio l\u00edquido.<\/p>\n<p>&nbsp;<\/p>\n<p>Entre os aposentados e pensionistas do INSS, o pior est\u00e1 na press\u00e3o que familiares exercem sobre os idosos, para que fa\u00e7am d\u00edvidas. Muitos desses idosos, por sinal, s\u00e3o v\u00edtimas de viol\u00eancia. H\u00e1 filhos e netos que espancam os segurados do INSS para que entreguem as senhas banc\u00e1rias. Registros n\u00e3o faltam nas delegacias de pol\u00edcia.<\/p>\n<p>&nbsp;<\/p>\n<p>Chama a aten\u00e7\u00e3o ainda, no caso dos aposentados e pensionistas do INSS, a rela\u00e7\u00e3o incestuosa entre os bancos e o \u00f3rg\u00e3o p\u00fablico. Muitos pessoas que d\u00e3o entrada em pedidos de aposentadorias sabem primeiro pelos bancos que os processos foram aprovados. Recebem uma enxurrada de telefonemas oferecendo empr\u00e9stimos.<\/p>\n<p>&nbsp;<\/p>\n<p>Os \u00f3rg\u00e3o de defesa dos consumidores est\u00e3o atentos a esses abusos. E recomendam aos que se sentirem aviltados pelos bancos que denunciem abusos. Muitos n\u00e3o entendem como seus dados foram parar nas m\u00e3os de institui\u00e7\u00f5es financeiras nos quais nunca tiveram conta-corrente.<\/p>\n<p>&nbsp;<\/p>\n<p><em>Bras\u00edlia, 11h20min<\/em><\/p>\n","protected":false},"excerpt":{"rendered":"<p>MAR\u00cdLIA SENA &nbsp; A despeito do clima de incerteza na economia, por causa das elei\u00e7\u00f5es presidenciais, os servidores p\u00fablicos e os aposentados e pensionistas do Instituto Nacional do Seguro Social (INSS) continuam se endividando. E muito. Dados do Banco Central mostram que, apenas neste ano, os d\u00e9bitos do funcionalismo no cr\u00e9dito consignado aumentaram R$ 8,4 [&hellip;]<\/p>\n","protected":false},"author":22,"featured_media":0,"comment_status":"open","ping_status":"closed","sticky":false,"template":"","format":"standard","meta":{"wpb_read_more":[],"footnotes":""},"categories":[600],"tags":[],"class_list":["post-9381","post","type-post","status-publish","format-standard","hentry","category-economia"],"_links":{"self":[{"href":"https:\/\/blogs2.correiobraziliense.com.br\/vicente\/wp-json\/wp\/v2\/posts\/9381","targetHints":{"allow":["GET"]}}],"collection":[{"href":"https:\/\/blogs2.correiobraziliense.com.br\/vicente\/wp-json\/wp\/v2\/posts"}],"about":[{"href":"https:\/\/blogs2.correiobraziliense.com.br\/vicente\/wp-json\/wp\/v2\/types\/post"}],"author":[{"embeddable":true,"href":"https:\/\/blogs2.correiobraziliense.com.br\/vicente\/wp-json\/wp\/v2\/users\/22"}],"replies":[{"embeddable":true,"href":"https:\/\/blogs2.correiobraziliense.com.br\/vicente\/wp-json\/wp\/v2\/comments?post=9381"}],"version-history":[{"count":1,"href":"https:\/\/blogs2.correiobraziliense.com.br\/vicente\/wp-json\/wp\/v2\/posts\/9381\/revisions"}],"predecessor-version":[{"id":9382,"href":"https:\/\/blogs2.correiobraziliense.com.br\/vicente\/wp-json\/wp\/v2\/posts\/9381\/revisions\/9382"}],"wp:attachment":[{"href":"https:\/\/blogs2.correiobraziliense.com.br\/vicente\/wp-json\/wp\/v2\/media?parent=9381"}],"wp:term":[{"taxonomy":"category","embeddable":true,"href":"https:\/\/blogs2.correiobraziliense.com.br\/vicente\/wp-json\/wp\/v2\/categories?post=9381"},{"taxonomy":"post_tag","embeddable":true,"href":"https:\/\/blogs2.correiobraziliense.com.br\/vicente\/wp-json\/wp\/v2\/tags?post=9381"}],"curies":[{"name":"wp","href":"https:\/\/api.w.org\/{rel}","templated":true}]}}