{"id":9383,"date":"2018-10-26T17:38:10","date_gmt":"2018-10-26T19:38:10","guid":{"rendered":"https:\/\/blogs2.correiobraziliense.com.br\/vicente\/?p=9383"},"modified":"2018-10-26T22:45:31","modified_gmt":"2018-10-27T00:45:31","slug":"mansueto-almeida-descarta-risco-de-calote-da-divida","status":"publish","type":"post","link":"https:\/\/blogs2.correiobraziliense.com.br\/vicente\/mansueto-almeida-descarta-risco-de-calote-da-divida\/","title":{"rendered":"Mansueto Almeida descarta risco de calote da d\u00edvida"},"content":{"rendered":"<p>ROSANA HESSEL<\/p>\n<p>&nbsp;<\/p>\n<p>Apesar de admitir que o quadro das contas p\u00fablicas \u00e9 preocupante, com o governo indo para o quinto ano consecutivo de deficit prim\u00e1rio a\u00a0 d\u00edvida p\u00fablica encostando em 80% do Produto Interno Bruto (PIB), \u201cenquanto a m\u00e9dia da d\u00edvida de pa\u00edses emergentes est\u00e1 abaixo de 50%\u201d, o secret\u00e1rio do Tesouro Nacional, Mansueto Almeida, descarta a possibilidade de insolv\u00eancia do t\u00edtulos soberanos.<\/p>\n<p>&nbsp;<\/p>\n<p>\u201cO risco de calote \u00e9 absolutamente nenhum\u201d, afirmou ele, ao ser questionado pelo <strong>Correio<\/strong> durante a entrevista coletiva de apresenta\u00e7\u00e3o do resultado fiscal do governo central, que re\u00fane Tesouro, Banco Central e Previd\u00eancia Social, nesta sexta-feira (26\/10).<\/p>\n<p>&nbsp;<\/p>\n<p>Mansueto reconheceu, por\u00e9m, que \u00e9 preciso que o pr\u00f3ximo presidente continue o processo de ajuste fiscal, realizando, principalmente, a reforma da Previd\u00eancia, porque, sen\u00e3o, o quadro piora muito. \u201cIndependente do governo que seja eleito, \u00e9 muito importante continuarmos com o ajuste fiscal. Se o ajuste n\u00e3o ocorrer, vamos ter dois efeitos negativos: o deficit aumentar\u00e1 e isso vai acelerar o crescimento da d\u00edvida\u201d, alertou.<\/p>\n<p>&nbsp;<\/p>\n<p>Na avalia\u00e7\u00e3o do secret\u00e1rio, o risco de crescimento da d\u00edvida mudou com a manuten\u00e7\u00e3o do teto de gastos. \u201cA d\u00edvida pode bater em 80% do PIB e entrar em uma trajet\u00f3ria de queda se houver ajuste fiscal\u201d, disse. Segundo ele, o endividamento est\u00e1 crescendo em um ritmo mais lento do que antes, passando de sete pontos percentuais por ano para algo em torno de dois, o que est\u00e1 ajudando na emiss\u00e3o de papeis com custos mais baixos. \u201cO Tesouro voltou a vender t\u00edtulos com taxas que voltaram ao anterior \u00e0 greve dos caminhoneiros\u201d, frisou.<\/p>\n<p>&nbsp;<\/p>\n<p><em>Bras\u00edlia, 17h38min<\/em><\/p>\n","protected":false},"excerpt":{"rendered":"<p>ROSANA HESSEL &nbsp; Apesar de admitir que o quadro das contas p\u00fablicas \u00e9 preocupante, com o governo indo para o quinto ano consecutivo de deficit prim\u00e1rio a\u00a0 d\u00edvida p\u00fablica encostando em 80% do Produto Interno Bruto (PIB), \u201cenquanto a m\u00e9dia da d\u00edvida de pa\u00edses emergentes est\u00e1 abaixo de 50%\u201d, o secret\u00e1rio do Tesouro Nacional, Mansueto [&hellip;]<\/p>\n","protected":false},"author":22,"featured_media":0,"comment_status":"open","ping_status":"closed","sticky":false,"template":"","format":"standard","meta":{"wpb_read_more":[],"footnotes":""},"categories":[600],"tags":[],"class_list":["post-9383","post","type-post","status-publish","format-standard","hentry","category-economia"],"_links":{"self":[{"href":"https:\/\/blogs2.correiobraziliense.com.br\/vicente\/wp-json\/wp\/v2\/posts\/9383","targetHints":{"allow":["GET"]}}],"collection":[{"href":"https:\/\/blogs2.correiobraziliense.com.br\/vicente\/wp-json\/wp\/v2\/posts"}],"about":[{"href":"https:\/\/blogs2.correiobraziliense.com.br\/vicente\/wp-json\/wp\/v2\/types\/post"}],"author":[{"embeddable":true,"href":"https:\/\/blogs2.correiobraziliense.com.br\/vicente\/wp-json\/wp\/v2\/users\/22"}],"replies":[{"embeddable":true,"href":"https:\/\/blogs2.correiobraziliense.com.br\/vicente\/wp-json\/wp\/v2\/comments?post=9383"}],"version-history":[{"count":1,"href":"https:\/\/blogs2.correiobraziliense.com.br\/vicente\/wp-json\/wp\/v2\/posts\/9383\/revisions"}],"predecessor-version":[{"id":9384,"href":"https:\/\/blogs2.correiobraziliense.com.br\/vicente\/wp-json\/wp\/v2\/posts\/9383\/revisions\/9384"}],"wp:attachment":[{"href":"https:\/\/blogs2.correiobraziliense.com.br\/vicente\/wp-json\/wp\/v2\/media?parent=9383"}],"wp:term":[{"taxonomy":"category","embeddable":true,"href":"https:\/\/blogs2.correiobraziliense.com.br\/vicente\/wp-json\/wp\/v2\/categories?post=9383"},{"taxonomy":"post_tag","embeddable":true,"href":"https:\/\/blogs2.correiobraziliense.com.br\/vicente\/wp-json\/wp\/v2\/tags?post=9383"}],"curies":[{"name":"wp","href":"https:\/\/api.w.org\/{rel}","templated":true}]}}