{"id":939,"date":"2016-05-11T13:05:16","date_gmt":"2016-05-11T16:05:16","guid":{"rendered":"https:\/\/blogs2.correiobraziliense.com.br\/vicente\/?p=939"},"modified":"2016-05-11T13:05:16","modified_gmt":"2016-05-11T16:05:16","slug":"mudancas-no-comando-de-estatais-comecam-pela-caixa-e-pelo-bndes","status":"publish","type":"post","link":"https:\/\/blogs2.correiobraziliense.com.br\/vicente\/mudancas-no-comando-de-estatais-comecam-pela-caixa-e-pelo-bndes\/","title":{"rendered":"MUDAN\u00c7AS NO COMANDO DE ESTATAIS COME\u00c7AM PELA CAIXA E PELO BNDES"},"content":{"rendered":"<p>POR PAULO PAULO SILVA PINTO E ROSANA HESSEL<\/p>\n<p>&nbsp;<\/p>\n<p>A Caixa Econ\u00f4mica Federal e o Banco Nacional de Desenvolvimento Econ\u00f4mico e Social (BNDES) ser\u00e3o as primeiras grandes estatais a terem troca de comando no governo do peemedebista Michel Temer ainda nesta semana. O n\u00famero de minist\u00e9rios dever\u00e1 diminuir dos atuais 32 para 23, o que ser\u00e1 anunciado assim que o Senado aprovar o impeachment da Dilma Rousseff. Amanh\u00e3 ou na sexta feira, a petista dever\u00e1 ser notificada.<\/p>\n<p>&nbsp;<\/p>\n<p>A presidente da Caixa, M\u00edriam Belchior, e o presidente do BNDES, Luciano Coutinho, deixar\u00e3o os seus cargos logo, provavelmente ainda nesta semana. A equipe de transi\u00e7\u00e3o no entorno de Temer n\u00e3o quer nem ouvir falar desses dois nomes. M\u00edriam \u00e9 muito pr\u00f3xima de Dilma, com quem trabalhou na Casa Civil do governo do ex-presidente Lula. Dilma a escolheu ministra do Planejamento depois de empossada na Presid\u00eancia. No in\u00edcio do segundo mandato, nomeou-a presidente da Caixa. O banco foi usado pelo governo para as pedaladas fiscais, base do processo de impeachment.<\/p>\n<p>&nbsp;<\/p>\n<p>A escolha do comando da Caixa ser\u00e1 pol\u00edtica: a institui\u00e7\u00e3o financeira ficar\u00e1 na cota do PP. O nome do partido mais cotado \u00e9 o de\u00a0 Gilberto Occhi, funcion\u00e1rio de carreira do banco e ex-ministro das Cidades e da Integra\u00e7\u00e3o Nacional. O fundo de pens\u00e3o dos funcion\u00e1rios do banco, o Funcef, poder\u00e1 ficar com o ex-ministro do Turismo Gast\u00e3o Vieira.<\/p>\n<p>&nbsp;<\/p>\n<p>O substituto de Coutinho ainda n\u00e3o foi definido. Ele chegou ao BNDES pelas m\u00e3os de Lula e l\u00e1 ficou com Dilma, de quem foi, no in\u00edcio, um dos principais conselheiros. Coutinho tamb\u00e9m se destacou como um dos grandes defensores da fracassada pol\u00edtica de empresas vencedoras para estimular os investimentos. O resultado foi o oposto: os desembolsos para aumentar ou modernizar a produ\u00e7\u00e3o despencaram, e o dinheiro direcionado ao BNDES ajudou a levar os gastos p\u00fablicos \u00e0s alturas, raz\u00e3o central para a queda de Dilma.<\/p>\n<p>&nbsp;<\/p>\n<p>No Banco do Brasil, o atual presidente, Alexandre Abreu, funcion\u00e1rio de carreira, dever\u00e1 ser substitu\u00eddo por outro quadro interno. N\u00e3o h\u00e1 pressa para isso, diferentemente do que ocorre com M\u00edriam e Coutinho. \u00c9 o caso tamb\u00e9m da Petrobras, comandada por Aldemir Bendine. O que se espera da principal estatal brasileira \u00e9 que seja removido o ran\u00e7o ideol\u00f3gico da dire\u00e7\u00e3o. A avalia\u00e7\u00e3o da equipe pr\u00f3xima a Temer \u00e9 que Bendine deu in\u00edcio a esse processo, mas n\u00e3o o concluiu.<\/p>\n<p>&nbsp;<\/p>\n<p><strong>Transi\u00e7\u00e3o<\/strong><\/p>\n<p>&nbsp;<\/p>\n<p>Tanto na Petrobras quanto no Banco do Brasil haver\u00e1 uma fase de transi\u00e7\u00e3o. \u00c9 o caso tamb\u00e9m do Banco Central, que n\u00e3o ter\u00e1 altera\u00e7\u00f5es em sua diretoria at\u00e9 pr\u00f3xima reuni\u00e3o do Comit\u00ea de Pol\u00edtica Monet\u00e1ria (Copom), marcada para 6 de junho. Mas j\u00e1 est\u00e1 definido o nome do futuro presidente da institui\u00e7\u00e3o: ser\u00e1 Ilan Goldfajn, que deu o ok ao futuro ministro da Fazenda, Henrique Meirelles.<\/p>\n<p>&nbsp;<\/p>\n<p>O Tesouro Nacional dever\u00e1 ser comandado por um ex-diretor do BC. O nome mais forte \u00e9 o de Carlos Hamilton, que vinha trabalhando com Meirelles no grupo JBS. Outra possibilidade \u00e9 Luiz Fernando Figueiredo, tamb\u00e9m ex-diretor da autoridade monet\u00e1ria, hoje na gestora de recursos Mau\u00e1 Capital.<\/p>\n<p>&nbsp;<\/p>\n<p>Uma estatal para a qual n\u00e3o h\u00e1 pressa na troca no comando \u00e9 a Eletrobras, na qual o PMDB j\u00e1 tem grande poder, assim como em suas subsidi\u00e1rias. Com as finan\u00e7as combalidas pela redu\u00e7\u00e3o de conta de luz ao consumidor em 2012, as estatais de energia precisariam de capitaliza\u00e7\u00e3o de R$ 5 bilh\u00f5es. S\u00f3 receberam R$ 1 bilh\u00e3o at\u00e9 agora. Esse \u00e9 mais um n\u00f3 a ser resolvido pelo governo Temer, em meio ao ajuste fiscal que obrigar\u00e1 a redu\u00e7\u00e3o de cargos e gastos p\u00fablicos.<\/p>\n<p>&nbsp;<\/p>\n<p>Al\u00e9m das diretorias de estatais, o prov\u00e1vel governo de Temer mira tamb\u00e9m os diversos conselhos nas 140 empresas controladas pela Uni\u00e3o. T\u00eam assento nesses f\u00f3runs v\u00e1rios ocupantes de cargos pol\u00edticos na administra\u00e7\u00e3o petista. H\u00e1 1.100 cargos em conselhos, com remunera\u00e7\u00e3o mensal que varia entre R$ 3 mil e R$ 30 mil. Caso forem consideradas as empresas privadas com participa\u00e7\u00e3o da Uni\u00e3o, o n\u00famero de cargos dobra.<\/p>\n<p>&nbsp;<\/p>\n<p>Algumas posi\u00e7\u00f5es s\u00e3o diretamente vinculadas a cargos de confian\u00e7a, portanto, estar\u00e3o vagas automaticamente com as exonera\u00e7\u00f5es promovidas por Dilma antes de deixar o Planalto ou pelos ministros a serem nomeados por Temer. H\u00e1 posi\u00e7\u00f5es que dependem de mandato e outras em que a nomea\u00e7\u00e3o depende do governo. \u00c9 algo que ser\u00e1 mapeado detalhadamente na pr\u00f3xima semana.<\/p>\n<p>&nbsp;<\/p>\n<p><em>Bras\u00edlia, 13h04min<\/em><\/p>\n","protected":false},"excerpt":{"rendered":"<p>POR PAULO PAULO SILVA PINTO E ROSANA HESSEL &nbsp; A Caixa Econ\u00f4mica Federal e o Banco Nacional de Desenvolvimento Econ\u00f4mico e Social (BNDES) ser\u00e3o as primeiras grandes estatais a terem troca de comando no governo do peemedebista Michel Temer ainda nesta semana. O n\u00famero de minist\u00e9rios dever\u00e1 diminuir dos atuais 32 para 23, o que [&hellip;]<\/p>\n","protected":false},"author":22,"featured_media":0,"comment_status":"open","ping_status":"closed","sticky":false,"template":"","format":"standard","meta":{"wpb_read_more":[],"footnotes":""},"categories":[1],"tags":[],"class_list":["post-939","post","type-post","status-publish","format-standard","hentry","category-sem-categoria"],"_links":{"self":[{"href":"https:\/\/blogs2.correiobraziliense.com.br\/vicente\/wp-json\/wp\/v2\/posts\/939","targetHints":{"allow":["GET"]}}],"collection":[{"href":"https:\/\/blogs2.correiobraziliense.com.br\/vicente\/wp-json\/wp\/v2\/posts"}],"about":[{"href":"https:\/\/blogs2.correiobraziliense.com.br\/vicente\/wp-json\/wp\/v2\/types\/post"}],"author":[{"embeddable":true,"href":"https:\/\/blogs2.correiobraziliense.com.br\/vicente\/wp-json\/wp\/v2\/users\/22"}],"replies":[{"embeddable":true,"href":"https:\/\/blogs2.correiobraziliense.com.br\/vicente\/wp-json\/wp\/v2\/comments?post=939"}],"version-history":[{"count":1,"href":"https:\/\/blogs2.correiobraziliense.com.br\/vicente\/wp-json\/wp\/v2\/posts\/939\/revisions"}],"predecessor-version":[{"id":940,"href":"https:\/\/blogs2.correiobraziliense.com.br\/vicente\/wp-json\/wp\/v2\/posts\/939\/revisions\/940"}],"wp:attachment":[{"href":"https:\/\/blogs2.correiobraziliense.com.br\/vicente\/wp-json\/wp\/v2\/media?parent=939"}],"wp:term":[{"taxonomy":"category","embeddable":true,"href":"https:\/\/blogs2.correiobraziliense.com.br\/vicente\/wp-json\/wp\/v2\/categories?post=939"},{"taxonomy":"post_tag","embeddable":true,"href":"https:\/\/blogs2.correiobraziliense.com.br\/vicente\/wp-json\/wp\/v2\/tags?post=939"}],"curies":[{"name":"wp","href":"https:\/\/api.w.org\/{rel}","templated":true}]}}